{"id":19010,"date":"2013-12-17T09:42:48","date_gmt":"2013-12-17T07:42:48","guid":{"rendered":"http:\/\/www.revista-portalesmedicos.com\/revista-medica\/?p=19010"},"modified":"2013-12-17T09:46:01","modified_gmt":"2013-12-17T07:46:01","slug":"personalidad-pacientes-con-psicodermatosis-vitiligo-o-alopecia-areata","status":"publish","type":"post","link":"https:\/\/www.revista-portalesmedicos.com\/revista-medica\/personalidad-pacientes-con-psicodermatosis-vitiligo-o-alopecia-areata\/","title":{"rendered":"Rasgos de personalidad en pacientes con psicodermatosis: vit\u00edligo o alopecia areata"},"content":{"rendered":"<h3 style=\"text-align: left;\"><b>Rasgos de personalidad en pacientes con psicodermatosis: vit\u00edligo o alopecia areata<\/b><\/h3>\n<p style=\"text-align: justify;\"><b>Objetivo:<\/b> identificar los rasgos de personalidad en los pacientes con diagn\u00f3stico de alopecia areata o vit\u00edligo que acudieron al servicio de Dermatolog\u00eda, de la Ciudad Hospitalaria \u201cDr. Enrique Tejera\u201d (CHET). Valencia- Edo Carabobo. Enero &#8211; Mayo 2010.<b> <\/b><\/p>\n<p style=\"text-align: justify;\"><!--more--><\/p>\n<p style=\"text-align: justify;\"><b>Rasgos de personalidad en pacientes con psicodermatosis: vit\u00edligo o alopecia areata <\/b><\/p>\n<p style=\"text-align: justify;\">AUTOR: Sanoja Valor, Cristina Elizabeth *<\/p>\n<p style=\"text-align: justify;\">COAUTORES: Mari\u00f1o Alba **, Arciniegas Rafael ***<\/p>\n<p style=\"text-align: justify;\">*Dermat\u00f3logo. Profesora de la Facultad de Medicina de la Universidad de Carabobo.<\/p>\n<p style=\"text-align: justify;\">** Dermat\u00f3logo, Universidad de Carabobo<\/p>\n<p style=\"text-align: justify;\">*** Psiquiatra, Universidad Central de Venezuela. Hospital de Cl\u00ednicas Caracas<\/p>\n<p style=\"text-align: justify;\">Servicio de Dermatolog\u00eda, Ciudad Hospitalaria \u201cDr. Enrique Tejera\u201d, Universidad de Carabobo. Valencia, Estado Carabobo<\/p>\n<p style=\"text-align: justify;\"><b>Material y m\u00e9todos: <\/b>estudio descriptivo de corte transversal, no experimental dentro del paradigma cuantitativo. La poblaci\u00f3n estuvo constituida por todos los pacientes que acudieron a la consulta de dermatolog\u00eda (CHET), la muestra tuvo como \u00fanico criterio de inclusi\u00f3n la mayor\u00eda de edad y el diagn\u00f3stico de vit\u00edligo o alopecia areata en el per\u00edodo descrito; la t\u00e9cnica de muestreo fue no probabil\u00edstica y circunstancial. De un total de 15 sujetos, 7 presentaron alopecia areata y 8 vit\u00edligo; 10 correspondieron al sexo femenino y 5 al masculino.<\/p>\n<p style=\"text-align: justify;\">Se aplic\u00f3 el cuestionario de personalidad Clinical analysis Questionnaire (CAQ) utilizado para detectar rasgos no patol\u00f3gicos de personalidad, consta de ciento cuarenta y un (141) \u00edtems con escala de likert modificada, traducido en doce dimensiones: Hipocondr\u00eda, depresi\u00f3n suicida, agitaci\u00f3n, depresi\u00f3n, ansiosa, depresi\u00f3n baja-energ\u00eda, culpabilidad-resentimiento, apat\u00eda-retirada, paranoia, desviaci\u00f3n psicop\u00e1tica, esquizofrenia, psicastenia y desajuste psicol\u00f3gico.<\/p>\n<p style=\"text-align: justify;\"><b>Resultados: <\/b>En los pacientes con vit\u00edligo se observ\u00f3: hipocondr\u00eda (3\/8) 37%, depresi\u00f3n suicida (2\/8) 25%; agitaci\u00f3n (1\/8) 12%; depresi\u00f3n ansiosa (1\/8) 12%; depresi\u00f3n baja energ\u00eda (2\/8) 25%; culpabilidad y resentimiento (1\/8) 14% ; apat\u00eda y retirada (1\/8) 12%; paranoia (1\/8) 12%; el rasgo paranoide estuvo presente 12% (1\/8), y por \u00faltimo el \u00edtem desajuste psicol\u00f3gico (1\/8) 12%. Con respecto al grupo con diagn\u00f3stico de alopecia areata el rasgo depresi\u00f3n suicida 28%; agitaci\u00f3n (1\/7) 14%; depresi\u00f3n ansiosa (1\/7) 14%; depresi\u00f3n baja energ\u00eda (1\/7) 14; apat\u00eda y retirada (1\/7) 14%; paranoia (1\/7) 14% y el rasgo paranoide estuvo presente (1\/8) 12%. <b>Conclusiones<\/b>: el rasgo psicol\u00f3gico m\u00e1s destacado estuvo representado por el depresivo expresado en 5\/8 (62%) en pacientes con vit\u00edligo y 4\/7 (57%) del grupo con alopecia areata; 37% de los pacientes con vit\u00edligo presentaron rasgo hipocondriaco. Se demuestra la relevancia del manejo en conjunto con el psic\u00f3logo y\/o el psiquiatra de las psicodermatosis, con el objeto de mejorar la calidad de vida del paciente dermatol\u00f3gico.<\/p>\n<p style=\"text-align: justify;\"><b>Palabras clave<\/b>: psicodermatosis; vit\u00edligo; alopecia areata; personalidad<\/p>\n<p style=\"text-align: justify;\">INTRODUCCI\u00d3N<\/p>\n<p style=\"text-align: justify;\">El vit\u00edligo y la alopecia areata han sido se\u00f1alados como enfermedades psicoc\u00fataneas debido al protagonismo de factores psicol\u00f3gicos dentro de su patogenia. Por esta raz\u00f3n, entre los pilares de la conducta terap\u00e9utica se encuentra la asesor\u00eda psicol\u00f3gica del paciente.<\/p>\n<p style=\"text-align: justify;\">Como consecuencia a lo antes se\u00f1alado, resulta primordial tomar en cuenta los rasgos de personalidad que manifiestan este grupo de personas, debido no solo al inter\u00e9s terap\u00e9utico o al conocimiento de la etiopatogenia, sino adem\u00e1s es de utilidad para el dermat\u00f3logo ser capaz de detectar situaciones que pudieran afectar la esfera social, familiar y laboral del paciente, e incluso poner en riesgo la integridad del mismo, ya que en muchas ocasiones dichas afecciones provocan distorsi\u00f3n de la imagen corporal y es percibida como un problema irremediable. Por los argumentos antes expuestos la finalidad de la presente investigaci\u00f3n consiste en identificar los rasgos de la personalidad (hipocondriasis, ansiedad, depresi\u00f3n, paranoia, culpabilidad, apat\u00eda, desajuste psicol\u00f3gico) en los pacientes con psicodermatosis (alopecia areata o vit\u00edligo) que acudieron al servicio de Dermatolog\u00eda, de la Ciudad Hospitalaria Dr. Enrique Tejera, Enero &#8211; Mayo 2010.<\/p>\n<p style=\"text-align: justify;\">Resulta importante se\u00f1alar que el vit\u00edligo es una enfermedad adquirida caracterizada por la despigmentaci\u00f3n progresiva de la epidermis, secundaria a la destrucci\u00f3n de lo melanocitos. Su prevalencia estimada es de 1%. Su etiopatogenia ha sido estudiada exhaustivamente en las \u00faltimas d\u00e9cadas, sin embargo, a\u00fan existe poca claridad sobre \u00e9sta. Se han postulado 4 teor\u00edas principales sobre sus posibles causas que corresponden a la teor\u00eda gen\u00e9tica, teor\u00eda de autotoxicidad, teor\u00eda autoinmune y teor\u00eda neural. (<sup>1)<\/sup><\/p>\n<p style=\"text-align: justify;\">Por su parte la alopecia areata se encuentra dentro del grupo de las alopecias no cicatrizales, considerada autoinmunitaria \u00f3rganos espec\u00edficos. Se sospecha que los ant\u00edgenos son p\u00e9ptidos de los melanocitos, pero tambi\u00e9n intervienen factores gen\u00e9ticos en la susceptibilidad y gravedad de la patolog\u00eda. (<sup>2)<\/sup><\/p>\n<p style=\"text-align: justify;\">Ambas enfermedades se han considerado psicosom\u00e1ticas, las cuales tienen una alta prevalencia en la poblaci\u00f3n general y representan un importante motivo de consulta en los sistemas de atenci\u00f3n de salud. Existe consenso en entender la enfermedad psicosom\u00e1tica como una disfunci\u00f3n org\u00e1nica manifiesta, ligada con la estructura de personalidad, con la historia vital y con el contexto social del individuo, afectando la aparici\u00f3n, curso y final de la enfermedad. (<sup>3)<\/sup><\/p>\n<p style=\"text-align: justify;\">La relaci\u00f3n entra la psiquiatr\u00eda y la dermatolog\u00eda a trav\u00e9s del sistema neuroendocrino e inmune, se ha denominado sistema neuroinmunocut\u00e1neo (NICS); la interacci\u00f3n entre el sistema nervioso, piel e inmunidad se explica a trav\u00e9s de la liberaci\u00f3n de mediadores proveniente del NICS. En el curso de enfermedades dermatol\u00f3gicas de origen inflamatorio severo y condiciones psiqui\u00e1tricas el sistema neuroinmunocut\u00e1neo (NICS) es desestabilizado. (<sup>4)<\/sup><\/p>\n<p style=\"text-align: justify;\">En base a estas apreciaciones, se han realizado estudios orientados a relacionar la alopecia areata y el vit\u00edligo con alteraciones psiqui\u00e1tricas, Saleh et al (2008) evidencio comorbilidad psiqui\u00e1trica en 34% de los pacientes con vit\u00edligo y 36% en los pacientes con alopecia areata. La ansiedad se detecto en 12% de los pacientes con vit\u00edligo y en 24% de los pacientes con alopecia areata, mientras que la depresi\u00f3n fue hallada en 22% del grupo con vit\u00edligo y 14% de alopecia areata, el 4%<\/p>\n<p><!--nextpage--><\/p>\n<p style=\"text-align: justify;\">de cada grupo presento tanto ansiedad como depresi\u00f3n. (<sup>5)<\/sup><\/p>\n<p style=\"text-align: justify;\">En este sentido otras investigaciones han se\u00f1alado semejanza entre los rasgos de personalidad en pacientes con alopecia areata y la alexitimia con dificultad para identificar y comunicar sentimientos, tendencia a evitar interrelaciones con personas cercanas. El aumento de tensi\u00f3n ps\u00edquica interfiere de modo contraproducente en la organizaci\u00f3n del comportamiento de la persona. Esta falla puede provocar vivencias de desamparo llevando al individuo a sentirse indefenso en sus actividades cotidianas y sociales. Esta caracter\u00edstica de la organizaci\u00f3n mental revela personalidades inmaduras, vulnerabilidad ante situaciones de stress y tensi\u00f3n. (<sup>6)<\/sup><\/p>\n<p style=\"text-align: justify;\">En vit\u00edligo, la morbilidad psiqui\u00e1trica se ha reportado hasta en un tercio de los pacientes, sin embargo algunos estudios han se\u00f1alado que 56% present\u00f3 desordenes adaptativos y 29% trastornos depresivos; los pacientes j\u00f3venes o pertenecientes a grupos socioecon\u00f3micos menos favorecidos mostraron baja autoestima y problemas adaptativos. (<sup>4)<\/sup> En ni\u00f1os con vit\u00edligo, se ha descrito con m\u00e1s frecuencia conductas de evitaci\u00f3n de da\u00f1o, postul\u00e1ndose que esta asociaci\u00f3n podr\u00eda constituir un factor relevante en la etiolog\u00eda multifactorial de esta patolog\u00eda. (<sup>7)<\/sup><\/p>\n<p style=\"text-align: justify;\">Dichos hallazgos nos hacen reflexionar acerca de la importancia del manejo terap\u00e9utico en conjunto con el psic\u00f3logo o psiquiatra, dependiendo de las comorbilidades que como dermat\u00f3logos seamos capaces de detectar, tomando en cuenta que se ha reportado entre los pacientes con vit\u00edligo 7,6 % con intento suicida <sup>8<\/sup>, es necesario considerar dicho riesgo entre este grupo de pacientes.<\/p>\n<p style=\"text-align: justify;\">METODOLOG\u00cdA<\/p>\n<p style=\"text-align: justify;\">Se realiz\u00f3 un estudio descriptivo de corte transversal, no experimental dentro del paradigma cuantitativo. La poblaci\u00f3n estuvo constituida por todos los pacientes que acudieron a la consulta de dermatolog\u00eda (CHET), la muestra tuvo como \u00fanico criterio de inclusi\u00f3n la mayor\u00eda de edad y el diagn\u00f3stico de vit\u00edligo o alopecia areata en el per\u00edodo descrito; en cuanto a la t\u00e9cnica de muestreo fue no probabil\u00edstica y circunstancial. De un total de 15 sujetos, 7 presentaron alopecia areata y 8 vit\u00edligo (Gr\u00e1fico 1); 10 correspondieron al sexo femenino y 5 al masculino (Grafico 2). Previo consentimiento informado, se aplic\u00f3 el cuestionario de personalidad Clinical analysis Questionnaire (CAQ ) utilizado para detectar rasgos no patol\u00f3gicos de personalidad, consta de ciento cuarenta y un (141) \u00edtems con escala de likert modificada, traducido en doce dimensiones: Hipocondr\u00eda, depresi\u00f3n suicida, agitaci\u00f3n, depresi\u00f3n, ansiosa, depresi\u00f3n baja-energ\u00eda, culpabilidad-resentimiento, apat\u00eda-retirada, paranoia, desviaci\u00f3n psicop\u00e1tica, esquizofrenia, psicastenia y desajuste psicol\u00f3gico. Este Sistema tiene por finalidad corregir de una manera r\u00e1pida las aptitudes, intereses y vocaciones de las personas sometidas al test. El instrumento fue aplicado de forma grupal, otorg\u00e1ndosele 60 minutos para contestar. Posteriormente el cuestionario fue corregido mediante una plantilla de respuestas.<\/p>\n<p style=\"text-align: justify;\">RESULTADOS<\/p>\n<p style=\"text-align: justify;\">En los pacientes con vit\u00edligo se observ\u00f3: hipocondr\u00eda (3\/8) 37%, depresi\u00f3n suicida (2\/8) 25%; agitaci\u00f3n (1\/8) 12%; depresi\u00f3n ansiosa (1\/8) 12%; depresi\u00f3n baja energ\u00eda (2\/8) 25%; culpabilidad y resentimiento (1\/8) 14% ; apat\u00eda y retirada (1\/8) 12%; paranoia (1\/8) 12%; el rasgo paranoide estuvo presente 12% (1\/8), y por \u00faltimo el \u00edtem desajuste psicol\u00f3gico (1\/8) 12%. (Ver gr\u00e1fico 3)<\/p>\n<figure id=\"attachment_19013\" aria-describedby=\"caption-attachment-19013\" style=\"width: 390px\" class=\"wp-caption aligncenter\"><a href=\"http:\/\/www.revista-portalesmedicos.com\/revista-medica\/wp-content\/uploads\/1-personalidad-pacientes-vitiligo.png\"><img loading=\"lazy\" decoding=\"async\" class=\"size-full wp-image-19013\" alt=\"personalidad-pacientes-vitiligo\" src=\"http:\/\/www.revista-portalesmedicos.com\/revista-medica\/wp-content\/uploads\/1-personalidad-pacientes-vitiligo.png\" width=\"400\" height=\"265\" srcset=\"https:\/\/www.revista-portalesmedicos.com\/revista-medica\/wp-content\/uploads\/1-personalidad-pacientes-vitiligo.png 400w, https:\/\/www.revista-portalesmedicos.com\/revista-medica\/wp-content\/uploads\/1-personalidad-pacientes-vitiligo-300x198.png 300w\" sizes=\"auto, (max-width: 400px) 100vw, 400px\" \/><\/a><figcaption id=\"caption-attachment-19013\" class=\"wp-caption-text\">Personalidad de pacientes con vit\u00edligo<\/figcaption><\/figure>\n<p style=\"text-align: justify;\">GR\u00c1FICO 1. Rasgos de Personalidad en pacientes con Vitiligo. Servicio de Dermatolog\u00eda, Ciudad Hospitalaria \u201cDr. Enrique Tejera\u201d, Universidad de Carabobo. Valencia, Estado Carabobo, Enero \u2013 Mayo 2010<\/p>\n<p style=\"text-align: justify;\">Fuente: Sanoja y col. CHET, Valencia, Venezuela, 2010<\/p>\n<p style=\"text-align: justify;\">Con respecto al grupo con diagn\u00f3stico de alopecia areata el rasgo depresi\u00f3n suicida 28%; agitaci\u00f3n (1\/7) 14%; depresi\u00f3n ansiosa (1\/7) 14%; depresi\u00f3n baja energ\u00eda (1\/7) 14; apat\u00eda y retirada (1\/7) 14%; paranoia (1\/7) 14% y el rasgo paranoide estuvo presente (1\/8) 12%. (Ver gr\u00e1fico 2).<\/p>\n<figure id=\"attachment_19014\" aria-describedby=\"caption-attachment-19014\" style=\"width: 390px\" class=\"wp-caption aligncenter\"><a href=\"http:\/\/www.revista-portalesmedicos.com\/revista-medica\/wp-content\/uploads\/2-personalidad-pacientes-alopecia-areata.png\"><img loading=\"lazy\" decoding=\"async\" class=\"size-full wp-image-19014\" alt=\"personalidad-pacientes-alopecia-areata\" src=\"http:\/\/www.revista-portalesmedicos.com\/revista-medica\/wp-content\/uploads\/2-personalidad-pacientes-alopecia-areata.png\" width=\"400\" height=\"265\" srcset=\"https:\/\/www.revista-portalesmedicos.com\/revista-medica\/wp-content\/uploads\/2-personalidad-pacientes-alopecia-areata.png 400w, https:\/\/www.revista-portalesmedicos.com\/revista-medica\/wp-content\/uploads\/2-personalidad-pacientes-alopecia-areata-300x198.png 300w\" sizes=\"auto, (max-width: 400px) 100vw, 400px\" \/><\/a><figcaption id=\"caption-attachment-19014\" class=\"wp-caption-text\">Personalidad de pacientes con alopecia areata<\/figcaption><\/figure>\n<p style=\"text-align: justify;\">GR\u00c1FICO 2. Rasgos de personalidad en pacientes con Alopecia Areata. Servicio de Dermatolog\u00eda, Ciudad Hospitalaria \u201cDr. Enrique Tejera\u201d, Universidad de Carabobo. Valencia, Estado Carabobo, Enero \u2013 Mayo 2010<\/p>\n<p style=\"text-align: justify;\">Fuente: Sanoja y col. CHET, Valencia, Venezuela, 2010<\/p>\n<p style=\"text-align: justify;\"><!--nextpage--><\/p>\n<p style=\"text-align: justify;\">El rasgo de personalidad hallado con m\u00e1s frecuencia en ambos grupo de estudio, estuvo representado por el rasgo depresivo en sus diferentes manifestaciones (suicida, ansiosa y baja energ\u00eda), expres\u00e1ndose en 5\/8 (62%) en pacientes con vit\u00edligo y 4\/7 (57%) en el grupo con alopecia areata. (Gr\u00e1fico 3)<\/p>\n<figure id=\"attachment_19015\" aria-describedby=\"caption-attachment-19015\" style=\"width: 390px\" class=\"wp-caption aligncenter\"><a href=\"http:\/\/www.revista-portalesmedicos.com\/revista-medica\/wp-content\/uploads\/3-depresion-hipocondria-vitiligo-alopecia-areata.png\"><img loading=\"lazy\" decoding=\"async\" class=\"size-full wp-image-19015\" alt=\"depresion-hipocondria-vitiligo-alopecia-areata\" src=\"http:\/\/www.revista-portalesmedicos.com\/revista-medica\/wp-content\/uploads\/3-depresion-hipocondria-vitiligo-alopecia-areata.png\" width=\"400\" height=\"271\" srcset=\"https:\/\/www.revista-portalesmedicos.com\/revista-medica\/wp-content\/uploads\/3-depresion-hipocondria-vitiligo-alopecia-areata.png 400w, https:\/\/www.revista-portalesmedicos.com\/revista-medica\/wp-content\/uploads\/3-depresion-hipocondria-vitiligo-alopecia-areata-300x203.png 300w\" sizes=\"auto, (max-width: 400px) 100vw, 400px\" \/><\/a><figcaption id=\"caption-attachment-19015\" class=\"wp-caption-text\">Depresi\u00f3n, hipocondria, vitiligo, alopecia areata<\/figcaption><\/figure>\n<p style=\"text-align: justify;\">GR\u00c1FICO 3. Rasgo Depresivo e Hipocondriaco en pacientes con Vit\u00edligo y Alopecia Areata. Servicio de Dermatolog\u00eda, Ciudad Hospitalaria \u201cDr. Enrique Tejera\u201d, Universidad de Carabobo. Valencia, Estado Carabobo, Enero \u2013 Mayo 2010<\/p>\n<p style=\"text-align: justify;\">Fuente: Sanoja y col. CHET, Valencia, Venezuela, 2010<\/p>\n<p style=\"text-align: justify;\">DISCUSI\u00d3N<\/p>\n<p style=\"text-align: justify;\">La relaci\u00f3n entra la psiquiatr\u00eda y la dermatolog\u00eda a trav\u00e9s del sistema neuroendocrino e inmune, se ha denominado sistema neuroinmunocut\u00e1neo (NICS); la interacci\u00f3n entre el sistema nervioso, piel e inmunidad se explica a trav\u00e9s de la liberaci\u00f3n de mediadores proveniente del NICS. (<sup>1) <\/sup>El vit\u00edligo y la alopecia areata han sido se\u00f1alados como enfermedades psicocut\u00e1neas debido al protagonismo de factores psicol\u00f3gicos dentro de su patogenia. En nuestro an\u00e1lisis el rasgo psicol\u00f3gico m\u00e1s destacado estuvo representado por la depresi\u00f3n, la encontramos en sus diferentes manifestaciones (suicida, ansiosa y baja energ\u00eda) y se expres\u00f3 en 5 (62%) de los nuestros pacientes con vit\u00edligo y 4 (57%) del grupo con alopecia areata, para un total de 60% de todos los pacientes estudiados, estos porcentajes se encuentran en mayor proporci\u00f3n si lo comparamos con trabajos previos orientados a la identificaci\u00f3n de comorbilidades psiqui\u00e1tricas asociadas a estas patolog\u00edas, evidenci\u00e1ndose este rasgo depresivo en 22% del grupo con vit\u00edligo y 14% de alopecia areata<sup> (2,3)<\/sup>; no obstante es de hacer notar que hallamos que el rasgo depresivo es m\u00e1s frecuente en los individuos con vit\u00edligo en comparaci\u00f3n con aquellos con alopecia areata, lo que coincide con resultados de otras investigaciones (<sup>4)<\/sup>.<\/p>\n<p style=\"text-align: justify;\">Los hallazgos nos inducen a pensar en la relevancia del manejo terap\u00e9utico de un equipo interdisciplinario que involucre al psic\u00f3logo y\/o psiquiatra en conjunto con el dermat\u00f3logo para patolog\u00edas como las psicodermatosis, si tomamos en cuenta que ciertas caracter\u00edsticas psicol\u00f3gicas podr\u00edan poner en riesgo la vida\u00a0del paciente (como es el caso con depresi\u00f3n suicida), observamos que en nuestra investigaci\u00f3n la condici\u00f3n depresi\u00f3n suicida estuvo presente en 25% de los pacientes con vit\u00edligo y 28% del grupo con alopecia areata, porcentajes mucho mayores que los expresados en otros estudios en los cuales se ha reportado 7,6 % con intento suicida entre los pacientes con vitiligo (<sup>5)<\/sup>. Es de hacer notar el impacto negativo en la calidad de vida de estos pacientes, producto de alteraciones en la imagen corporal o a sus implicaciones psicol\u00f3gicas (principalmente ansiedad y depresi\u00f3n)<sup> (6,7)<\/sup>.<\/p>\n<p style=\"text-align: justify;\">REFERENCIAS BIBLIOGR\u00c1FICAS<\/p>\n<p style=\"text-align: justify;\">(1) Mechri A, Amri M, Douarika AA, Ali Hichem BH, Zouari B, Zili J.Psychiatric morbidity and quality of life in Vitiligo: a case controlled study. Tunis Med. 2006 Oct;84(10):632-5.<\/p>\n<p style=\"text-align: justify;\">(2) Pa\u00f1uela M, Barquero I, Amador C, Castillo E, Daza J. Factores de riesgo asociados a la depresi\u00f3n en pacientes de la consulta dermatol\u00f3gica en dos hospitales de la Ciudad de Barranquilla (Colombia). Salud Uninorte. Barranquilla 2004; 18: 20-29.<\/p>\n<p style=\"text-align: justify;\">(3) Krogh E, Matus V, Le\u00f3n A, Rapaport A, Armijo I. Alopec\u00eda areata y personalidad. Rev GPU 2007; 3; 3: 353-359<\/p>\n<p style=\"text-align: justify;\">(4) Mohammad j. Psychodermatology: a guide to understanding common psychocutaneos disorder. prim care companion j clin psychiatry 2007; 9 (3)<\/p>\n<p style=\"text-align: justify;\">(5) Saleh H, Abdallah A, El- Sheshetawy R, El-Same A. Comparative Study of Psychiatric Morbidity and Quality of Life in Psoriasis, Vitiligo and Alopecia Areat. Egyptian Dermatology Online Journal 2008; 4 (1): 2<\/p>\n<p style=\"text-align: justify;\">(6) Yazigi L, Baxter S, Godinho S. Estudo do manejo do estresse em pacientes acometidos por alopecia areata. Psicologia em Estudo 2009; 14; 1: 93-99<\/p>\n<p style=\"text-align: justify;\">(7) Schwartz R, Sep\u00falveda J, Quintana T. Factores psicobiol\u00f3gicos en vit\u00edligo infantil: Posible rol en su g\u00e9nesis e impacto en la calidad de vida. Rev M\u00e9d Chile 2009; 137: 53-62<\/p>\n<p style=\"text-align: justify;\">(8) Maleki M, Javidi Z, Kiafar B, Saadatian V, Saremi AK Prevalence of depression in vitiligo patients. The Quarterly Journal of Fundamentals of Mental Health 2005; 22:10<\/p>\n","protected":false},"excerpt":{"rendered":"<p>Rasgos de personalidad en pacientes con psicodermatosis: vit\u00edligo o alopecia areata Objetivo: identificar los rasgos de personalidad en los pacientes con diagn\u00f3stico de alopecia areata o vit\u00edligo que acudieron al servicio de Dermatolog\u00eda, de la Ciudad Hospitalaria \u201cDr. Enrique Tejera\u201d (CHET). Valencia- Edo Carabobo. Enero &#8211; Mayo 2010.<\/p>\n","protected":false},"author":2,"featured_media":19015,"comment_status":"closed","ping_status":"closed","sticky":false,"template":"","format":"standard","meta":{"_acf_changed":false,"footnotes":""},"categories":[71,133,188,191],"tags":[1538,3787,3786,194],"class_list":["post-19010","post","type-post","status-publish","format-standard","has-post-thumbnail","hentry","category-dermatologia-venereologia","category-medicina-interna","category-psicologia","category-psiquiatria","tag-alopecia-areata","tag-personalidad","tag-psicodermatosis","tag-vitiligo","no-featured-image-padding"],"acf":[],"yoast_head":"<!-- This site is optimized with the Yoast SEO plugin v28.2 - https:\/\/yoast.com\/product\/yoast-seo-wordpress\/ -->\n<title>Rasgos de personalidad en pacientes con psicodermatosis: vit\u00edligo o alopecia areata<\/title>\n<meta name=\"description\" content=\"Rasgos de personalidad en pacientes con psicodermatosis: vit\u00edligo o alopecia areata Objetivo: identificar los rasgos de personalidad en los pacientes con\" \/>\n<meta name=\"robots\" content=\"index, follow, max-snippet:-1, max-image-preview:large, max-video-preview:-1\" \/>\n<link rel=\"canonical\" href=\"https:\/\/www.revista-portalesmedicos.com\/revista-medica\/personalidad-pacientes-con-psicodermatosis-vitiligo-o-alopecia-areata\/\" \/>\n<link rel=\"next\" href=\"https:\/\/www.revista-portalesmedicos.com\/revista-medica\/personalidad-pacientes-con-psicodermatosis-vitiligo-o-alopecia-areata\/2\/\" \/>\n<meta name=\"twitter:label1\" content=\"Escrito por\" \/>\n\t<meta name=\"twitter:data1\" content=\"Redacci\u00f3n Revista\" \/>\n\t<meta name=\"twitter:label2\" content=\"Tiempo de lectura\" \/>\n\t<meta name=\"twitter:data2\" content=\"11 minutos\" \/>\n<script type=\"application\/ld+json\" class=\"yoast-schema-graph\">{\"@context\":\"https:\\\/\\\/schema.org\",\"@graph\":[{\"@type\":\"ScholarlyArticle\",\"@id\":\"https:\\\/\\\/www.revista-portalesmedicos.com\\\/revista-medica\\\/personalidad-pacientes-con-psicodermatosis-vitiligo-o-alopecia-areata\\\/#article\",\"isPartOf\":{\"@id\":\"https:\\\/\\\/www.revista-portalesmedicos.com\\\/revista-medica\\\/personalidad-pacientes-con-psicodermatosis-vitiligo-o-alopecia-areata\\\/\"},\"author\":{\"name\":\"Redacci\u00f3n Revista\",\"@id\":\"https:\\\/\\\/www.revista-portalesmedicos.com\\\/revista-medica\\\/#\\\/schema\\\/person\\\/aff35293bfdd1e8bb11bc1d216ac2c6e\"},\"headline\":\"Rasgos de personalidad en pacientes con psicodermatosis: vit\u00edligo o alopecia areata\",\"datePublished\":\"2013-12-17T07:42:48+00:00\",\"dateModified\":\"2013-12-17T07:46:01+00:00\",\"mainEntityOfPage\":{\"@id\":\"https:\\\/\\\/www.revista-portalesmedicos.com\\\/revista-medica\\\/personalidad-pacientes-con-psicodermatosis-vitiligo-o-alopecia-areata\\\/\"},\"wordCount\":2308,\"publisher\":{\"@id\":\"https:\\\/\\\/www.revista-portalesmedicos.com\\\/revista-medica\\\/#organization\"},\"image\":{\"@id\":\"https:\\\/\\\/www.revista-portalesmedicos.com\\\/revista-medica\\\/personalidad-pacientes-con-psicodermatosis-vitiligo-o-alopecia-areata\\\/#primaryimage\"},\"thumbnailUrl\":\"https:\\\/\\\/www.revista-portalesmedicos.com\\\/revista-medica\\\/wp-content\\\/uploads\\\/3-depresion-hipocondria-vitiligo-alopecia-areata.png\",\"keywords\":[\"alopecia areata\",\"personalidad\",\"psicodermatosis\",\"vit\u00edligo\"],\"articleSection\":[\"Dermatolog\u00eda y Venereolog\u00eda\",\"Medicina Interna\",\"Psicolog\u00eda\",\"Psiquiatr\u00eda\"],\"inLanguage\":\"es\"},{\"@type\":[\"WebPage\",\"ItemPage\"],\"@id\":\"https:\\\/\\\/www.revista-portalesmedicos.com\\\/revista-medica\\\/personalidad-pacientes-con-psicodermatosis-vitiligo-o-alopecia-areata\\\/\",\"url\":\"https:\\\/\\\/www.revista-portalesmedicos.com\\\/revista-medica\\\/personalidad-pacientes-con-psicodermatosis-vitiligo-o-alopecia-areata\\\/\",\"name\":\"Rasgos de personalidad en pacientes con psicodermatosis: vit\u00edligo o alopecia areata\",\"isPartOf\":{\"@id\":\"https:\\\/\\\/www.revista-portalesmedicos.com\\\/revista-medica\\\/#website\"},\"primaryImageOfPage\":{\"@id\":\"https:\\\/\\\/www.revista-portalesmedicos.com\\\/revista-medica\\\/personalidad-pacientes-con-psicodermatosis-vitiligo-o-alopecia-areata\\\/#primaryimage\"},\"image\":{\"@id\":\"https:\\\/\\\/www.revista-portalesmedicos.com\\\/revista-medica\\\/personalidad-pacientes-con-psicodermatosis-vitiligo-o-alopecia-areata\\\/#primaryimage\"},\"thumbnailUrl\":\"https:\\\/\\\/www.revista-portalesmedicos.com\\\/revista-medica\\\/wp-content\\\/uploads\\\/3-depresion-hipocondria-vitiligo-alopecia-areata.png\",\"datePublished\":\"2013-12-17T07:42:48+00:00\",\"dateModified\":\"2013-12-17T07:46:01+00:00\",\"description\":\"Rasgos de personalidad en pacientes con psicodermatosis: vit\u00edligo o alopecia areata Objetivo: identificar los rasgos de personalidad en los pacientes con\",\"breadcrumb\":{\"@id\":\"https:\\\/\\\/www.revista-portalesmedicos.com\\\/revista-medica\\\/personalidad-pacientes-con-psicodermatosis-vitiligo-o-alopecia-areata\\\/#breadcrumb\"},\"inLanguage\":\"es\",\"potentialAction\":[{\"@type\":\"ReadAction\",\"target\":[\"https:\\\/\\\/www.revista-portalesmedicos.com\\\/revista-medica\\\/personalidad-pacientes-con-psicodermatosis-vitiligo-o-alopecia-areata\\\/\"]}]},{\"@type\":\"ImageObject\",\"inLanguage\":\"es\",\"@id\":\"https:\\\/\\\/www.revista-portalesmedicos.com\\\/revista-medica\\\/personalidad-pacientes-con-psicodermatosis-vitiligo-o-alopecia-areata\\\/#primaryimage\",\"url\":\"https:\\\/\\\/www.revista-portalesmedicos.com\\\/revista-medica\\\/wp-content\\\/uploads\\\/3-depresion-hipocondria-vitiligo-alopecia-areata.png\",\"contentUrl\":\"https:\\\/\\\/www.revista-portalesmedicos.com\\\/revista-medica\\\/wp-content\\\/uploads\\\/3-depresion-hipocondria-vitiligo-alopecia-areata.png\",\"width\":400,\"height\":271,\"caption\":\"Depresi\u00f3n, hipocondria, vitiligo, alopecia areata\"},{\"@type\":\"BreadcrumbList\",\"@id\":\"https:\\\/\\\/www.revista-portalesmedicos.com\\\/revista-medica\\\/personalidad-pacientes-con-psicodermatosis-vitiligo-o-alopecia-areata\\\/#breadcrumb\",\"itemListElement\":[{\"@type\":\"ListItem\",\"position\":1,\"name\":\"Inicio\",\"item\":\"https:\\\/\\\/www.revista-portalesmedicos.com\\\/revista-medica\\\/\"},{\"@type\":\"ListItem\",\"position\":2,\"name\":\"Dermatolog\u00eda y Venereolog\u00eda\"}]},{\"@type\":\"WebSite\",\"@id\":\"https:\\\/\\\/www.revista-portalesmedicos.com\\\/revista-medica\\\/#website\",\"url\":\"https:\\\/\\\/www.revista-portalesmedicos.com\\\/revista-medica\\\/\",\"name\":\"Revista Electr\u00f3nica de PortalesMedicos.com\",\"description\":\"ISSN 1886-8924 - Publicaci\u00f3n de art\u00edculos, casos cl\u00ednicos, etc. de Medicina, Enfermer\u00eda y Ciencias de la Salud\",\"publisher\":{\"@id\":\"https:\\\/\\\/www.revista-portalesmedicos.com\\\/revista-medica\\\/#organization\"},\"alternateName\":\"Revista de PortalesMedicos\",\"potentialAction\":[{\"@type\":\"SearchAction\",\"target\":{\"@type\":\"EntryPoint\",\"urlTemplate\":\"https:\\\/\\\/www.revista-portalesmedicos.com\\\/revista-medica\\\/?s={search_term_string}\"},\"query-input\":{\"@type\":\"PropertyValueSpecification\",\"valueRequired\":true,\"valueName\":\"search_term_string\"}}],\"inLanguage\":\"es\"},{\"@type\":\"Organization\",\"@id\":\"https:\\\/\\\/www.revista-portalesmedicos.com\\\/revista-medica\\\/#organization\",\"name\":\"Revista Electr\u00f3nica de Portales Medicos.com\",\"alternateName\":\"Revista de PortalesMedicos\",\"url\":\"https:\\\/\\\/www.revista-portalesmedicos.com\\\/revista-medica\\\/\",\"logo\":{\"@type\":\"ImageObject\",\"inLanguage\":\"es\",\"@id\":\"https:\\\/\\\/www.revista-portalesmedicos.com\\\/revista-medica\\\/#\\\/schema\\\/logo\\\/image\\\/\",\"url\":\"https:\\\/\\\/www.revista-portalesmedicos.com\\\/revista-medica\\\/wp-content\\\/uploads\\\/logorevista_negro.jpg\",\"contentUrl\":\"https:\\\/\\\/www.revista-portalesmedicos.com\\\/revista-medica\\\/wp-content\\\/uploads\\\/logorevista_negro.jpg\",\"width\":199,\"height\":65,\"caption\":\"Revista Electr\u00f3nica de Portales Medicos.com\"},\"image\":{\"@id\":\"https:\\\/\\\/www.revista-portalesmedicos.com\\\/revista-medica\\\/#\\\/schema\\\/logo\\\/image\\\/\"}},{\"@type\":\"Person\",\"@id\":\"https:\\\/\\\/www.revista-portalesmedicos.com\\\/revista-medica\\\/#\\\/schema\\\/person\\\/aff35293bfdd1e8bb11bc1d216ac2c6e\",\"name\":\"Redacci\u00f3n Revista\",\"sameAs\":[\"https:\\\/\\\/x.com\\\/portalesmedicos\"],\"url\":\"https:\\\/\\\/www.revista-portalesmedicos.com\\\/revista-medica\\\/author\\\/pmedadmin\\\/\"}]}<\/script>\n<!-- \/ Yoast SEO plugin. -->","yoast_head_json":{"title":"Rasgos de personalidad en pacientes con psicodermatosis: vit\u00edligo o alopecia areata","description":"Rasgos de personalidad en pacientes con psicodermatosis: vit\u00edligo o alopecia areata Objetivo: identificar los rasgos de personalidad en los pacientes con","robots":{"index":"index","follow":"follow","max-snippet":"max-snippet:-1","max-image-preview":"max-image-preview:large","max-video-preview":"max-video-preview:-1"},"canonical":"https:\/\/www.revista-portalesmedicos.com\/revista-medica\/personalidad-pacientes-con-psicodermatosis-vitiligo-o-alopecia-areata\/","next":"https:\/\/www.revista-portalesmedicos.com\/revista-medica\/personalidad-pacientes-con-psicodermatosis-vitiligo-o-alopecia-areata\/2\/","twitter_misc":{"Escrito por":"Redacci\u00f3n Revista","Tiempo de lectura":"11 minutos"},"schema":{"@context":"https:\/\/schema.org","@graph":[{"@type":"ScholarlyArticle","@id":"https:\/\/www.revista-portalesmedicos.com\/revista-medica\/personalidad-pacientes-con-psicodermatosis-vitiligo-o-alopecia-areata\/#article","isPartOf":{"@id":"https:\/\/www.revista-portalesmedicos.com\/revista-medica\/personalidad-pacientes-con-psicodermatosis-vitiligo-o-alopecia-areata\/"},"author":{"name":"Redacci\u00f3n Revista","@id":"https:\/\/www.revista-portalesmedicos.com\/revista-medica\/#\/schema\/person\/aff35293bfdd1e8bb11bc1d216ac2c6e"},"headline":"Rasgos de personalidad en pacientes con psicodermatosis: vit\u00edligo o alopecia areata","datePublished":"2013-12-17T07:42:48+00:00","dateModified":"2013-12-17T07:46:01+00:00","mainEntityOfPage":{"@id":"https:\/\/www.revista-portalesmedicos.com\/revista-medica\/personalidad-pacientes-con-psicodermatosis-vitiligo-o-alopecia-areata\/"},"wordCount":2308,"publisher":{"@id":"https:\/\/www.revista-portalesmedicos.com\/revista-medica\/#organization"},"image":{"@id":"https:\/\/www.revista-portalesmedicos.com\/revista-medica\/personalidad-pacientes-con-psicodermatosis-vitiligo-o-alopecia-areata\/#primaryimage"},"thumbnailUrl":"https:\/\/www.revista-portalesmedicos.com\/revista-medica\/wp-content\/uploads\/3-depresion-hipocondria-vitiligo-alopecia-areata.png","keywords":["alopecia areata","personalidad","psicodermatosis","vit\u00edligo"],"articleSection":["Dermatolog\u00eda y Venereolog\u00eda","Medicina Interna","Psicolog\u00eda","Psiquiatr\u00eda"],"inLanguage":"es"},{"@type":["WebPage","ItemPage"],"@id":"https:\/\/www.revista-portalesmedicos.com\/revista-medica\/personalidad-pacientes-con-psicodermatosis-vitiligo-o-alopecia-areata\/","url":"https:\/\/www.revista-portalesmedicos.com\/revista-medica\/personalidad-pacientes-con-psicodermatosis-vitiligo-o-alopecia-areata\/","name":"Rasgos de personalidad en pacientes con psicodermatosis: vit\u00edligo o alopecia areata","isPartOf":{"@id":"https:\/\/www.revista-portalesmedicos.com\/revista-medica\/#website"},"primaryImageOfPage":{"@id":"https:\/\/www.revista-portalesmedicos.com\/revista-medica\/personalidad-pacientes-con-psicodermatosis-vitiligo-o-alopecia-areata\/#primaryimage"},"image":{"@id":"https:\/\/www.revista-portalesmedicos.com\/revista-medica\/personalidad-pacientes-con-psicodermatosis-vitiligo-o-alopecia-areata\/#primaryimage"},"thumbnailUrl":"https:\/\/www.revista-portalesmedicos.com\/revista-medica\/wp-content\/uploads\/3-depresion-hipocondria-vitiligo-alopecia-areata.png","datePublished":"2013-12-17T07:42:48+00:00","dateModified":"2013-12-17T07:46:01+00:00","description":"Rasgos de personalidad en pacientes con psicodermatosis: vit\u00edligo o alopecia areata Objetivo: identificar los rasgos de personalidad en los pacientes con","breadcrumb":{"@id":"https:\/\/www.revista-portalesmedicos.com\/revista-medica\/personalidad-pacientes-con-psicodermatosis-vitiligo-o-alopecia-areata\/#breadcrumb"},"inLanguage":"es","potentialAction":[{"@type":"ReadAction","target":["https:\/\/www.revista-portalesmedicos.com\/revista-medica\/personalidad-pacientes-con-psicodermatosis-vitiligo-o-alopecia-areata\/"]}]},{"@type":"ImageObject","inLanguage":"es","@id":"https:\/\/www.revista-portalesmedicos.com\/revista-medica\/personalidad-pacientes-con-psicodermatosis-vitiligo-o-alopecia-areata\/#primaryimage","url":"https:\/\/www.revista-portalesmedicos.com\/revista-medica\/wp-content\/uploads\/3-depresion-hipocondria-vitiligo-alopecia-areata.png","contentUrl":"https:\/\/www.revista-portalesmedicos.com\/revista-medica\/wp-content\/uploads\/3-depresion-hipocondria-vitiligo-alopecia-areata.png","width":400,"height":271,"caption":"Depresi\u00f3n, hipocondria, vitiligo, alopecia areata"},{"@type":"BreadcrumbList","@id":"https:\/\/www.revista-portalesmedicos.com\/revista-medica\/personalidad-pacientes-con-psicodermatosis-vitiligo-o-alopecia-areata\/#breadcrumb","itemListElement":[{"@type":"ListItem","position":1,"name":"Inicio","item":"https:\/\/www.revista-portalesmedicos.com\/revista-medica\/"},{"@type":"ListItem","position":2,"name":"Dermatolog\u00eda y Venereolog\u00eda"}]},{"@type":"WebSite","@id":"https:\/\/www.revista-portalesmedicos.com\/revista-medica\/#website","url":"https:\/\/www.revista-portalesmedicos.com\/revista-medica\/","name":"Revista Electr\u00f3nica de PortalesMedicos.com","description":"ISSN 1886-8924 - Publicaci\u00f3n de art\u00edculos, casos cl\u00ednicos, etc. de Medicina, Enfermer\u00eda y Ciencias de la Salud","publisher":{"@id":"https:\/\/www.revista-portalesmedicos.com\/revista-medica\/#organization"},"alternateName":"Revista de PortalesMedicos","potentialAction":[{"@type":"SearchAction","target":{"@type":"EntryPoint","urlTemplate":"https:\/\/www.revista-portalesmedicos.com\/revista-medica\/?s={search_term_string}"},"query-input":{"@type":"PropertyValueSpecification","valueRequired":true,"valueName":"search_term_string"}}],"inLanguage":"es"},{"@type":"Organization","@id":"https:\/\/www.revista-portalesmedicos.com\/revista-medica\/#organization","name":"Revista Electr\u00f3nica de Portales Medicos.com","alternateName":"Revista de PortalesMedicos","url":"https:\/\/www.revista-portalesmedicos.com\/revista-medica\/","logo":{"@type":"ImageObject","inLanguage":"es","@id":"https:\/\/www.revista-portalesmedicos.com\/revista-medica\/#\/schema\/logo\/image\/","url":"https:\/\/www.revista-portalesmedicos.com\/revista-medica\/wp-content\/uploads\/logorevista_negro.jpg","contentUrl":"https:\/\/www.revista-portalesmedicos.com\/revista-medica\/wp-content\/uploads\/logorevista_negro.jpg","width":199,"height":65,"caption":"Revista Electr\u00f3nica de Portales Medicos.com"},"image":{"@id":"https:\/\/www.revista-portalesmedicos.com\/revista-medica\/#\/schema\/logo\/image\/"}},{"@type":"Person","@id":"https:\/\/www.revista-portalesmedicos.com\/revista-medica\/#\/schema\/person\/aff35293bfdd1e8bb11bc1d216ac2c6e","name":"Redacci\u00f3n Revista","sameAs":["https:\/\/x.com\/portalesmedicos"],"url":"https:\/\/www.revista-portalesmedicos.com\/revista-medica\/author\/pmedadmin\/"}]}},"views":6906,"_links":{"self":[{"href":"https:\/\/www.revista-portalesmedicos.com\/revista-medica\/wp-json\/wp\/v2\/posts\/19010","targetHints":{"allow":["GET"]}}],"collection":[{"href":"https:\/\/www.revista-portalesmedicos.com\/revista-medica\/wp-json\/wp\/v2\/posts"}],"about":[{"href":"https:\/\/www.revista-portalesmedicos.com\/revista-medica\/wp-json\/wp\/v2\/types\/post"}],"author":[{"embeddable":true,"href":"https:\/\/www.revista-portalesmedicos.com\/revista-medica\/wp-json\/wp\/v2\/users\/2"}],"replies":[{"embeddable":true,"href":"https:\/\/www.revista-portalesmedicos.com\/revista-medica\/wp-json\/wp\/v2\/comments?post=19010"}],"version-history":[{"count":0,"href":"https:\/\/www.revista-portalesmedicos.com\/revista-medica\/wp-json\/wp\/v2\/posts\/19010\/revisions"}],"wp:featuredmedia":[{"embeddable":true,"href":"https:\/\/www.revista-portalesmedicos.com\/revista-medica\/wp-json\/wp\/v2\/media\/19015"}],"wp:attachment":[{"href":"https:\/\/www.revista-portalesmedicos.com\/revista-medica\/wp-json\/wp\/v2\/media?parent=19010"}],"wp:term":[{"taxonomy":"category","embeddable":true,"href":"https:\/\/www.revista-portalesmedicos.com\/revista-medica\/wp-json\/wp\/v2\/categories?post=19010"},{"taxonomy":"post_tag","embeddable":true,"href":"https:\/\/www.revista-portalesmedicos.com\/revista-medica\/wp-json\/wp\/v2\/tags?post=19010"}],"curies":[{"name":"wp","href":"https:\/\/api.w.org\/{rel}","templated":true}]}}