{"id":60629,"date":"2021-01-25T09:42:40","date_gmt":"2021-01-25T08:42:40","guid":{"rendered":"https:\/\/www.revista-portalesmedicos.com\/revista-medica\/?p=60629"},"modified":"2021-03-10T11:36:57","modified_gmt":"2021-03-10T10:36:57","slug":"estres-en-cuidadores-de-ancianos-con-enfermedad-de-alzheimer","status":"publish","type":"post","link":"https:\/\/www.revista-portalesmedicos.com\/revista-medica\/estres-en-cuidadores-de-ancianos-con-enfermedad-de-alzheimer\/","title":{"rendered":"Estr\u00e9s en cuidadores de ancianos con enfermedad de Alzheimer"},"content":{"rendered":"<p style=\"text-align: justify;\"><strong>Estr\u00e9s en cuidadores de ancianos con enfermedad de Alzheimer<\/strong><\/p>\n<p style=\"text-align: justify;\">Autora principal: Pilar Pardos Val<\/p>\n<p style=\"text-align: justify;\">Vol. XVI; n\u00ba 2; 78<!--more--><\/p>\n<p style=\"text-align: justify;\"><strong>Stress in Caregivers of the Elderly with Alzheimer&#8217;s Disease<\/strong><\/p>\n<p style=\"text-align: justify;\">Fecha de recepci\u00f3n: 08\/12\/2020<\/p>\n<p style=\"text-align: justify;\">Fecha de aceptaci\u00f3n: 21\/01\/2021<\/p>\n<p style=\"text-align: justify;\">Incluido en Revista Electr\u00f3nica de PortalesMedicos.com Volumen XVI. N\u00famero 2 \u2013\u00a0 Segunda quincena de Enero de 2021 &#8211; P\u00e1gina inicial: Vol. XVI; n\u00ba 2; 78<\/p>\n<p style=\"text-align: justify;\"><strong>Autores y lugar de trabajo:<\/strong><\/p>\n<p style=\"text-align: justify;\">Pilar Pardos Val (Enfermera en Hospital Universitario Miguel Servet. Zaragoza, Espa\u00f1a)<\/p>\n<p style=\"text-align: justify;\">Alberto Borobia Lafuente (Enfermero en Hospital Universitario Miguel Servet, Zaragoza, Espa\u00f1a)<\/p>\n<p style=\"text-align: justify;\">Andrea Coma Marco (Enfermera en Hospital Universitario Miguel Servet. Zaragoza, Espa\u00f1a)<\/p>\n<p style=\"text-align: justify;\">Blanca Oca\u00f1a Cereceda (Enfermera en Hospital Universitario Miguel Servet. Zaragoza, Espa\u00f1a)<\/p>\n<p style=\"text-align: justify;\"><strong>Resumen:<\/strong><\/p>\n<p style=\"text-align: justify;\">La prevalencia en Europa de la Enfermedad de Alzheimer se estima en personas entre 70 y 79 a\u00f1os en un 5-6%. Hay que tener en cuenta que es una enfermedad que no solo afecta al paciente enfermo sino tambi\u00e9n a su entorno y familia, ya que, el cuidado de estos pacientes, en su mayor\u00eda, recae en cuidadores informales que se encargan de la atenci\u00f3n de estos enfermos con una dedicaci\u00f3n de 24 horas, algo que supone para ellos, un estr\u00e9s cr\u00f3nico que es conocido como Burnout.<\/p>\n<p style=\"text-align: justify;\">Dada la prevalencia de estr\u00e9s en cuidadores de ancianos con enfermedad de Alzheimer y su impacto en la calidad de vida del cuidador, hay que tomar conciencia de que nos encontramos con un colectivo vulnerable. Esta revisi\u00f3n sistem\u00e1tica tiene como objetivo incrementar los conocimientos acerca del estr\u00e9s en los cuidadores de ancianos con Alzheimer, enfatizando en la importancia de una correcta valoraci\u00f3n y las distintas intervenciones multidisciplinares.<\/p>\n<p style=\"text-align: justify;\">Las conclusiones que se objetivan desde los resultados obtenidos de los 9 art\u00edculos incluidos en la revisi\u00f3n son que, el estr\u00e9s es uno de los problemas psicol\u00f3gicos que presentan los cuidadores sobrecargados de pacientes con enfermedad de Alzheimer. Conlleva una disminuci\u00f3n de la calidad de vida del cuidador, influyendo de forma negativa en su salud y bienestar.<\/p>\n<p style=\"text-align: justify;\">Es muy importante reconocer de manera temprana la sobrecarga familiar y ayudar desde una perspectiva global (social, psicol\u00f3gica y econ\u00f3mica) para evitar problemas posteriores.<\/p>\n<p style=\"text-align: justify;\"><strong>Palabras clave: <\/strong>estr\u00e9s, alzheimer, cuidador, sobrecarga.<\/p>\n<p style=\"text-align: justify;\"><strong>Summary:<\/strong><\/p>\n<p style=\"text-align: justify;\">The prevalence of Alzheimer&#8217;s disease in Europe is estimated at 5-6% in people aged 70-79. It must be taken into account that it is a disease that not only affects the sick patient but also his or her environment and family, since, the care of these patients, in its majority, falls on informal caregivers who take care of these patients with a 24-hour dedication, something that represents for them, a chronic stress that is known as Burnout.<\/p>\n<p style=\"text-align: justify;\">Given the prevalence of stress in caregivers of elderly people with Alzheimer&#8217;s disease and its impact on the caregiver&#8217;s quality of life. We must be aware that we are dealing with a vulnerable group. This systematic review aims to increase knowledge about stress in caregivers of elderly people with Alzheimer&#8217;s disease, highlighting the importance of correct assessment and different multidisciplinary interventions.<\/p>\n<p style=\"text-align: justify;\">The conclusions drawn from the results of the 9 articles included in the review are that stress is one of the psychological problems presented by overloaded caregivers of patients with Alzheimer&#8217;s disease. It leads to a decrease in the caregiver&#8217;s quality of life, negatively influencing their health and well-being.<\/p>\n<p style=\"text-align: justify;\">It is very important to recognize family overload early and help from a global perspective (social, psychological and economic) to avoid later problems.<\/p>\n<p style=\"text-align: justify;\"><strong>Keywords: <\/strong>stress, alzheimer, caregiver, burden<\/p>\n<p style=\"text-align: justify;\"><strong>INTRODUCCI\u00d3N<\/strong><\/p>\n<p style=\"text-align: justify;\">El envejecimiento es un proceso inevitable que afecta a todos los seres vivos y se presenta de manera diferente en cada persona<sup>1<\/sup>.<\/p>\n<p style=\"text-align: justify;\">El ritmo de envejecimiento es cada vez mayor. El n\u00famero de personas mayores sigue creciendo. En 2029 se estima que la poblaci\u00f3n mayor de 65 a\u00f1os constituya el 24,9% de la poblaci\u00f3n total<sup>2<\/sup>.<\/p>\n<p style=\"text-align: justify;\">A los cambios propios del envejecimiento hay que a\u00f1adir otros como los cambios en la situaci\u00f3n social, p\u00e9rdida de seres queridos, mayor facilidad para enfermar, disminuci\u00f3n de las facultades f\u00edsicas y mentales, etc<sup>1<\/sup>.<\/p>\n<p style=\"text-align: justify;\">Las demencias son unas de las enfermedades cuyo principal factor de riesgo seg\u00fan estudios epidemiol\u00f3gicos es la edad. Se caracterizan por un deterioro que provoca una disminuci\u00f3n de la capacidad intelectual afectando a m\u00e1s de un dominio cognitivo y acompa\u00f1ada, normalmente, de cambios psicol\u00f3gicos, de comportamiento y alteraciones en las capacidades sociales. La m\u00e1s frecuente es la Enfermedad de Alzheimer (entre el 60-70% de los casos)<sup>3.4<\/sup>.<\/p>\n<p style=\"text-align: justify;\">La prevalencia en Europa de la Enfermedad de Alzheimer se estima en personas entre 70 y 79 a\u00f1os en un 5-6%, estas cifras aumentan conforme aumenta la edad, llegando al 30% en mayores de 90 a\u00f1os. Concretamente en Espa\u00f1a, la prevalencia de enfermos mayores de 75 a\u00f1os en hombres y mujeres se ajusta entre un 3,7% y un 7,5% respectivamente<sup>3,4<\/sup>.<\/p>\n<p style=\"text-align: justify;\">La Enfermedad de Alzheimer es un trastorno progresivo, caracterizado por cambios degenerativos de las c\u00e9lulas nerviosas corticales. Afecta a la capacidad cognitiva, funcional y la conducta del paciente. Sus consecuencias son de gran importancia para el paciente y su entorno, pero tambi\u00e9n para la sociedad y el sistema sanitario<sup>3<\/sup>. La Enfermedad de Alzheimer pasa por diferentes fases caracterizadas por su continuo y progresivo empeoramiento<sup>5,6<\/sup>. (Ver tabla 1).<\/p>\n<p style=\"text-align: justify;\">Para diagnosticar esta enfermedad, los criterios diagn\u00f3sticos son fundamentalmente cl\u00ednicos. Suele comenzar por una anamnesis donde se incluyen antecedentes familiares, contexto socio-familiar, s\u00edntomas de disfunci\u00f3n cognitiva, forma de inicio y evoluci\u00f3n, capacidad para realizar las actividades de la vida diaria, etc. Le sigue una exploraci\u00f3n neurol\u00f3gica y un examen neuropatol\u00f3gico. El diagn\u00f3stico suele acompa\u00f1arse tambi\u00e9n de distintos test de evaluaci\u00f3n cognitiva y conductual, escalas funcionales y de calidad de vida y escalas de evaluaci\u00f3n global. Algunos de los m\u00e1s utilizados son: La Escala de Deterioro Global (GDS), el Mini Mental State Examination (MMSE), su versi\u00f3n adaptada y validada en castellano, Mini Examen Cognoscitivo de Lobo (MEC), y la Alzheimer\u00b4s Disease Assessment Scale- Cognitive Subscale (ADAS-cog). Las escalas m\u00e1s extendidas hoy en d\u00eda en nuestro pa\u00eds son el MEC y la GDS<sup>3-4<\/sup>.<\/p>\n<p style=\"text-align: justify;\">Tras el diagn\u00f3stico de esta enfermedad hay que tener muy en cuenta que no solo afecta al paciente enfermo sino tambi\u00e9n a su entorno y familia, en su mayor\u00eda, son cuidadores informales los que se encargan de la atenci\u00f3n de estos enfermos con una dedicaci\u00f3n de 24 horas<sup>7-8<\/sup>.<\/p>\n<p style=\"text-align: justify;\">Respecto al cuidado del anciano existe una creencia dominante de que es responsabilidad de la familia hacerse cargo y solo en caso de que no sea capaz es el Estado quien asumir\u00e1 la responsabilidad<sup>9<\/sup>. Por otro lado, la prestaci\u00f3n de cuidados no suele repartirse por igual entre los miembros de la familia, sino que existe un \u201ccuidador principal\u201d sobre el que recae la mayor parte de la responsabilidad del cuidado<sup>7<\/sup>. Esta responsabilidad conlleva un impacto significativo en el cuidador y una sobrecarga financiera que provoca trastornos de ansiedad y afectivos, incrementando el riesgo de padecer problemas f\u00edsicos y emocionales tales como ansiedad y depresi\u00f3n<sup>10<\/sup>.<\/p>\n<p style=\"text-align: justify;\">Cuidador principal se define como la persona encargada de ayudar en las necesidades b\u00e1sicas e instrumentales de la vida diaria del paciente durante la mayor parte del d\u00eda sin recibir retribuci\u00f3n econ\u00f3mica por ello. Supone un estr\u00e9s cr\u00f3nico que es conocido como Burnout<sup>8,10,11<\/sup>.<\/p>\n<p style=\"text-align: justify;\">Las caracter\u00edsticas que tiene el cuidador principal son<sup>10,11<\/sup>:<\/p>\n<ul style=\"text-align: justify;\">\n<li>Asume las tareas principales del cuidado con la responsabilidad que esto conlleva.<\/li>\n<li>El cuidador principal es percibido por el resto de miembros de la familia como el responsable del cuidado del enfermo.<\/li>\n<li>No es remunerado econ\u00f3micamente por realizar las tareas de cuidado.<\/li>\n<li>El cuidador debe haberse dedicado a las tareas de cuidado durante un m\u00ednimo de 6 semanas a 3 meses.<\/li>\n<\/ul>\n<p style=\"text-align: justify;\">Numerosos estudios afirman que el estr\u00e9s de los cuidadores puede verse afectado por distintos factores socioecon\u00f3micos como la edad, el sexo y el estatus econ\u00f3mico, muchos otros comparten la idea de que existen factores protectores para el bienestar del cuidador tales como los atributos personales (inteligencia, autoestima, capacidad de resoluci\u00f3n de problemas y competencia social), el apoyo del sistema familiar, el estado de salud del propio cuidador y el apoyo social derivado de la comunidad<sup>7,11,12<\/sup>.<\/p>\n<p style=\"text-align: justify;\">El \u00e1mbito geri\u00e1trico ha investigado el estr\u00e9s y el Burnout que provoca la prestaci\u00f3n de cuidados a los pacientes con enfermedad de Alzheimer<sup>12<\/sup>. El cuidador principal suele ser una mujer con una edad media de 57 a\u00f1os (+\/- 14) casada y con alg\u00fan v\u00ednculo laboral<sup>7<\/sup>. Como profesionales, estudios aconsejan que es importante evitar el rol establecido entre cuidador-enfermo para impedir que esta labor invada la vida privada del cuidador y evitar una sobrecarga que pocas veces se reconoce por el cuidador<sup>13<\/sup>. \u00a0Para conocer el nivel de sobrecarga del cuidador principal se utiliza la escala de Zarit<sup>8<\/sup>.<\/p>\n<p style=\"text-align: justify;\">En diferentes estudios, los resultados de esta escala muestran que, el 84 % de los cuidadores declara tener alg\u00fan problema f\u00edsico relacionado con las tareas del cuidado y el 94% alg\u00fan problema psicol\u00f3gico. De ellos un 64% tiene estr\u00e9s<sup>8<\/sup>. Se observa que estos porcentajes se reducen cuando los cuidadores tienen alg\u00fan tipo de apoyo social<sup>13<\/sup>.<\/p>\n<p style=\"text-align: justify;\">Se entiende por sobrecarga al estado psicol\u00f3gico que resulta de una combinaci\u00f3n entre trabajo f\u00edsico, presi\u00f3n emocional, restricciones sociales y demandas econ\u00f3micas que surgen de cuidar al enfermo. Puede dividirse en dos vertientes, una objetiva que se relaciona con las tareas propias del cuidador y otra subjetiva encaminada a la esfera emocional y sentimental que conlleva la labor del cuidador<sup>13<\/sup>.<\/p>\n<p style=\"text-align: justify;\"><strong>JUSTIFICACI\u00d3N<\/strong><\/p>\n<p style=\"text-align: justify;\">Dada la prevalencia de estr\u00e9s en cuidadores de ancianos con enfermedad de Alzheimer y su impacto en la calidad de vida del cuidador, hay que tomar conciencia de que nos encontramos con un colectivo vulnerable. Por ello, resulta de vital importancia que los profesionales de la salud identifiquemos y realicemos de manera multidisciplinar un abordaje terap\u00e9utico individual que englobe la esfera f\u00edsica, psicol\u00f3gica y social de los cuidadores de pacientes con enfermedad de Alzheimer.<\/p>\n<p style=\"text-align: justify;\"><strong>\u00a0<\/strong><strong>OBJETIVOS<\/strong><\/p>\n<p style=\"text-align: justify;\">Objetivo general: Incrementar los conocimientos a trav\u00e9s de la realizaci\u00f3n de una revisi\u00f3n sistem\u00e1tica acerca del estr\u00e9s en los cuidadores de ancianos con enfermedad de Alzheimer, resaltando la importancia de una correcta valoraci\u00f3n y las distintas intervenciones multidisciplinares.<\/p>\n<p style=\"text-align: justify;\">Objetivos espec\u00edficos:<\/p>\n<ul style=\"text-align: justify;\">\n<li>Conocer la prevalencia del estr\u00e9s en cuidadores de ancianos con enfermedad de Alzheimer.<\/li>\n<li>Detectar los factores asociados al estr\u00e9s que los profesionales de la salud deben abordar en los cuidadores de ancianos enfermos de Alzheimer para promover nuevas actividades de este colectivo.<\/li>\n<\/ul>\n<p style=\"text-align: justify;\"><strong>\u00a0<\/strong><strong>METODOLOG\u00cdA<\/strong><\/p>\n<p style=\"text-align: justify;\">Para realizar esta revisi\u00f3n sistem\u00e1tica en primer lugar, se ha realizado un acotamiento del tema y una exhaustiva b\u00fasqueda bibliogr\u00e1fica, despu\u00e9s se ha llevado a cabo un an\u00e1lisis de los art\u00edculos encontrados, por \u00faltimo, se han seleccionado los m\u00e1s pertinentes y se ha desarrollado el trabajo.<\/p>\n<p style=\"text-align: justify;\">Esta revisi\u00f3n sistem\u00e1tica se elabor\u00f3 durante los meses de julio y agosto de 2020 mediante una b\u00fasqueda estructurada en las principales Bases de Datos: Pubmed, Scielo, Cochrane y Dialnet.<\/p>\n<p style=\"text-align: justify;\">Los criterios de inclusi\u00f3n aplicados fueron art\u00edculos publicados en espa\u00f1ol e ingl\u00e9s, a texto completo, y que estuvieran relacionados con la tem\u00e1tica de trabajo de los \u00faltimos 20 a\u00f1os. (Ver tabla 2)<\/p>\n<p style=\"text-align: justify;\">Fueron encontrados 45 art\u00edculos en Scielo, 49 en Pubmed, 72 en Dialnet y, por \u00faltimo, 16 en Cochrane. Fueron recuperados un total de 182 art\u00edculos, de estos, 147 fueron excluidos y 35 se eligieron como art\u00edculos potencialmente relevantes. Tras una lectura cr\u00edtica, finalmente, se excluyeron 19 art\u00edculos y fueron incluidos en la revisi\u00f3n los 16 restantes.<\/p>\n<p style=\"text-align: justify;\">El proceso de b\u00fasqueda fue completado con la consulta de libros on-line (\u201cEnvejecimiento activo.\u201d Y \u201cEnfermedad de Alzheimer.\u201d), Gu\u00edas on-line de organismos p\u00fablicos (\u201cC\u00f3mo cuidar a una persona con la enfermedad de Alzheimer. Una gu\u00eda f\u00e1cil de usar del Instituto Nacional sobre el envejecimiento.\u201d \u201cLas alteraciones psicol\u00f3gicas y del comportamiento en la enfermedad de Alzheimer. Definici\u00f3n, descripci\u00f3n, gu\u00edas de intervenci\u00f3n y consejos.\u201d), a trav\u00e9s de las herramientas de las que dispone la Biblioteca de la Universidad de Zaragoza y una consulta manual al INE.<\/p>\n<p style=\"text-align: justify;\"><strong>RESULTADOS<\/strong><\/p>\n<p style=\"text-align: justify;\">Se expone un resumen de los nueve art\u00edculos m\u00e1s relevantes que relacionan el estr\u00e9s en cuidadores de pacientes con enfermedad de Alzheimer. A continuaci\u00f3n, se muestran los resultados obtenidos. (Ver tabla 3)<\/p>\n<p style=\"text-align: justify;\"><strong>DISCUSI\u00d3N<\/strong><\/p>\n<p style=\"text-align: justify;\">Tras analizar los resultados obtenidos, se puede objetivar que, a pesar de que la mayor\u00eda de los estudios recogidos est\u00e1n realizados en Espa\u00f1a, la prevalencia del estr\u00e9s en cuidadores var\u00eda considerablemente seg\u00fan el tipo de poblaci\u00f3n escogida o las caracter\u00edsticas metodol\u00f3gicas de los art\u00edculos seleccionados.<\/p>\n<p style=\"text-align: justify;\">La prevalencia m\u00e1s baja encontrada ha sido la del estudio de Corbal\u00e1n Carrillo MG et al en donde se objetiva una prevalencia de estr\u00e9s entre el 9,1% y el 13% seg\u00fan nivel de sobrecarga del cuidador<sup>16<\/sup>. En cambio, el porcentaje de cuidadores con estr\u00e9s que objetiva Badia Llach X es del 68,7%<sup>8<\/sup>. Los datos m\u00e1s recientes encontrados sobre la prevalencia de estr\u00e9s en cuidadores de enfermos de Alzheimer, proceden del estudio de V\u00e9rez Cotelo N et al donde habla de una prevalencia de ansiedad del 20% en cuidadores con sobrecarga y de un meta-an\u00e1lisis donde se incluyen 17 art\u00edculos en donde existe una prevalencia de estr\u00e9s del 43,6%<sup>14<\/sup>.<\/p>\n<p style=\"text-align: justify;\">Es posible que esta variaci\u00f3n de los datos pueda ser debida al tiempo transcurrido entre los distintos art\u00edculos.<\/p>\n<p style=\"text-align: justify;\">Tras interpretar todos los resultados obtenidos se puede resumir que tras el diagn\u00f3stico de la enfermedad de Alzheimer hay que tener en cuenta, tanto al enfermo como a sus familiares y cuidadores para poder evitar una sobrecarga que pocas veces se reconoce y provoca consecuencias negativas sobre su salud y bienestar. Estudios afirman que el mayor \u00edndice de sobrecarga se encuentra en cuidadores, fundamentalmente mujeres, entre 56 y 65 a\u00f1os. Los factores asociados al estr\u00e9s en cuidadores de enfermos de Alzheimer son: bajo apoyo social, sobrecarga financiera, el tiempo invertido en el cuidado, aislamiento del cuidador y el deterioro progresivo del familiar con Alzheimer<sup>7,8,11,13<\/sup>.<\/p>\n<p style=\"text-align: justify;\"><strong>\u00a0<\/strong><strong>CONCLUSI\u00d3N<\/strong><\/p>\n<p style=\"text-align: justify;\">El estr\u00e9s es uno de los problemas psicol\u00f3gicos que presentan los cuidadores sobrecargados de pacientes con enfermedad de Alzheimer. Los cuidadores que presentan este trastorno y otros que, como el estr\u00e9s, son prevalentes, hace que disminuya la calidad de vida del cuidador influyendo de forma negativa en su salud y bienestar.<\/p>\n<p style=\"text-align: justify;\">Por ello es importante dar apoyo psicol\u00f3gico social y econ\u00f3mico para contribuir a la disminuci\u00f3n de la sobrecarga del cuidador. Tambi\u00e9n resulta imprescindible reconocer de manera temprana la sobrecarga de los familiares para poder evitar problemas f\u00edsicos y psicol\u00f3gicos posteriores que se desprenden del cuidado a estos pacientes.<\/p>\n<p style=\"text-align: justify;\"><strong>\u00a0<\/strong><strong>TABLAS<\/strong><\/p>\n<p style=\"text-align: justify;\"><strong>Tabla 1<\/strong>. Evoluci\u00f3n enfermedad de Alzheimer<\/p>\n<table width=\"668\">\n<tbody>\n<tr>\n<td width=\"144\"><\/td>\n<td width=\"175\">FASE INICIAL<\/td>\n<td width=\"175\">FASE MODERADA<\/td>\n<td width=\"175\">FASE FINAL<\/td>\n<\/tr>\n<tr>\n<td width=\"144\">&nbsp;<\/p>\n<p>&nbsp;<\/p>\n<p>&nbsp;<\/p>\n<p><u>Memoria<\/u><\/td>\n<td width=\"175\">Ocasionales p\u00e9rdidas de memoria y olvidos que pueden pasar inadvertidos. Dificultad para recordar nombres, palabras o ideas, olvido de recados y citas, y descolocar objetos familiares.<\/td>\n<td width=\"175\">Disminuye la memoria reciente, pero se mantiene la capacidad para recordar hechos lejanos.<\/td>\n<td width=\"175\">P\u00e9rdida total de la memoria (de hechos recientes y pasados),\u00a0 y se deja de reconocer a familiares.<\/td>\n<\/tr>\n<tr>\n<td width=\"144\">&nbsp;<\/p>\n<p>&nbsp;<\/p>\n<p>&nbsp;<\/p>\n<p>&nbsp;<\/p>\n<p><u>Lenguaje, humor y comportamiento<\/u><\/td>\n<td width=\"175\">Puede haber cambios de humor y negaciones del olvido, y facilidad para distraerse.<\/p>\n<p>Apenas hay afectaci\u00f3n del habla, pero realizan frases m\u00e1s cortas, mezclan ideas sin relaci\u00f3n directa y tienen problemas para encontrar las palabras adecuadas.<\/td>\n<td width=\"175\">Empiezan a producirse cambios de comportamiento m\u00e1s acusados: agresividad, miedos, agitaci\u00f3n, impulsividad.<\/p>\n<p>El lenguaje empieza a verse m\u00e1s afectado (repetici\u00f3n de frases, incapacidad para completarlas\u2026)<\/td>\n<td width=\"175\">Frecuente agitaci\u00f3n, incapacidad para comprender una explicaci\u00f3n.<\/p>\n<p>&nbsp;<\/p>\n<p>Hay una reducci\u00f3n significativa de vocabulario, con balbuceos, repetici\u00f3n de palabras o frases y uso de t\u00e9rminos inventados.<\/td>\n<\/tr>\n<tr>\n<td width=\"144\">&nbsp;<\/p>\n<p><u>Coordinaci\u00f3n y capacidad motriz<\/u><\/td>\n<td width=\"175\">Buen control de la coordinaci\u00f3n, y enlentecimiento del tiempo de reacci\u00f3n.<\/td>\n<td width=\"175\">Puede haber p\u00e9rdidas de equilibrio, ca\u00eddas espont\u00e1neas y necesidad de cierta ayuda para deambular.<\/td>\n<td width=\"175\">Posible estado comatoso o estuporoso.<\/td>\n<\/tr>\n<tr>\n<td width=\"144\">&nbsp;<\/p>\n<p><u>T\u00e9cnicas cognoscitivas<\/u><\/td>\n<td width=\"175\">Dificultad para encargarse de temas econ\u00f3micos.<\/td>\n<td width=\"175\">Dificultad para tomar decisiones, realizar c\u00e1lculos o concentrarse.<\/td>\n<td width=\"175\">Pocas funciones cognoscitivas apreciables.<\/td>\n<\/tr>\n<tr>\n<td width=\"144\"><u>Actividades de la vida diaria (AVD)<\/u><\/td>\n<td width=\"175\">Incapacidad laboral en algunos casos, y bastante independencia para las AVD.<\/td>\n<td width=\"175\">Necesidad de ayuda para algunas tareas.<\/td>\n<td width=\"175\">Posible dependencia total, y ayuda para las tareas m\u00e1s b\u00e1sicas.<\/td>\n<\/tr>\n<\/tbody>\n<\/table>\n<p style=\"text-align: justify;\"><strong>Tabla 2.<\/strong> B\u00fasqueda seg\u00fan la base de datos utilizada<\/p>\n<table width=\"566\">\n<tbody>\n<tr>\n<td width=\"283\">&nbsp;<\/p>\n<p><u>Base de datos<\/u><\/td>\n<td width=\"283\">&nbsp;<\/p>\n<p><u>Palabras clave\/Mesh<\/u><\/td>\n<\/tr>\n<tr>\n<td rowspan=\"2\" width=\"283\">&nbsp;<\/p>\n<p>&nbsp;<\/p>\n<p>Pubmed<\/td>\n<td width=\"283\">\u201cStress\u201d AND \u201ccaregivers\u201d AND \u201cAlzheimer\u201d (Title\/Abstract-Free full text)<\/td>\n<\/tr>\n<tr>\n<td width=\"283\">\u201cStress\u201d AND \u201cPrevalence\u201d AND \u201cburden\u201d AND \u201cDementia\u201d (Title\/Abstract)<\/td>\n<\/tr>\n<tr>\n<td rowspan=\"3\" width=\"283\">&nbsp;<\/p>\n<p>Scielo<\/td>\n<td width=\"283\">\u201cEstr\u00e9s\u201d AND \u201ccuidadores\u201d<\/td>\n<\/tr>\n<tr>\n<td width=\"283\">\u201cEstr\u00e9s\u201d AND \u201ccuidadores\u201d AND \u201cAlzheimer\u201d<\/td>\n<\/tr>\n<tr>\n<td width=\"283\">\u201cSobrecarga\u201d AND \u201ccuidadores\u201d<\/td>\n<\/tr>\n<tr>\n<td rowspan=\"2\" width=\"283\">&nbsp;<\/p>\n<p>Dialnet<\/td>\n<td width=\"283\">\u201cEstr\u00e9s\u201d AND \u201ccuidadores\u201d AND \u201cAlzheimer\u201d<\/td>\n<\/tr>\n<tr>\n<td width=\"283\">\u201cEstr\u00e9s\u201d AND \u201cSobrecarga\u201d AND \u201cCuidador\u201d<\/td>\n<\/tr>\n<tr>\n<td width=\"283\">&nbsp;<\/p>\n<p>Cochrane<\/td>\n<td width=\"283\">\u201cEstr\u00e9s\u201d AND \u201ccuidadores\u201d<\/td>\n<\/tr>\n<\/tbody>\n<\/table>\n<p style=\"text-align: justify;\"><strong>Tabla 3:<\/strong> Resumen de los principales art\u00edculos<\/p>\n<table width=\"632\">\n<tbody>\n<tr>\n<td width=\"136\">&nbsp;<\/p>\n<p><u>AUTOR\/<\/u><\/p>\n<p><u>A\u00d1O<\/u><\/td>\n<td width=\"90\">&nbsp;<\/p>\n<p><u>DISE\u00d1O\/<\/u><\/p>\n<p><u>MUESTRA<\/u><\/td>\n<td width=\"193\">&nbsp;<\/p>\n<p><u>RESULTADOS<\/u><\/td>\n<td width=\"213\">&nbsp;<\/p>\n<p><u>CONCLUSI\u00d3N<\/u><\/td>\n<\/tr>\n<tr>\n<td width=\"136\">V\u00e9rez Cotelo N, Andr\u00e9s Rodr\u00edguez NF, Fomos P\u00e9rez JA, Andr\u00e9s Iglesias JC, R\u00edos Lago M. 2015<\/td>\n<td width=\"90\">Estudio Transversal. N=30<\/td>\n<td width=\"193\">Seg\u00fan el cuestionario STAI realizado, el promedio fue de 23.92 (8.27). Se encontraron a 5 cuidadores que mostraban ansiedad (20%)<\/td>\n<td width=\"213\">El estr\u00e9s psicol\u00f3gico y la sobrecarga est\u00e1n presentes entre los familiares cuidadores. El cuidado del cuidador deber\u00eda de estar integrado ya que producir\u00eda una mejor atenci\u00f3n de los pacientes con Alzheimer.<\/td>\n<\/tr>\n<tr>\n<td width=\"136\">Badia Llach X, Lara Suri\u00f1ach N y Roset Gamisans M. 2004<\/td>\n<td width=\"90\">Transversal multicentrico. N=268<\/td>\n<td width=\"193\">El 84% de los cuidadores declara tener alg\u00fan problema f\u00edsico relacionado con el cuidado y el 94,4% alg\u00fan problema psicol\u00f3gico, de estos \u00faltimos, un 68,7% declara tener estr\u00e9s.<\/td>\n<td width=\"213\">Los cuidados prestados afectan de manera negativa al cuidador, a su estado de salud y a su calidad de vida, por el elevado requerimiento de tiempo de dedicaci\u00f3n<\/td>\n<\/tr>\n<tr>\n<td width=\"136\">Segura Dominguez N, G\u00f3mez Caballo R, L\u00f3pez Quintana R, Gil Paredes E, S\u00e1iz Cantero C, Cordero Guevara JA. 2006<\/td>\n<td width=\"90\">Estudio transversal. N=88<\/td>\n<td width=\"193\">Dentro de las quejas de los cuidadores se encuentra que el 36% ten\u00eda ansiedad y otro 36% ten\u00eda s\u00edndrome de estr\u00e9s del cuidador.<\/td>\n<td width=\"213\">El paciente tipo es una mujer anciana, viuda, que vive en su domicilio y es cuidada por una hija con escaso apoyo social, importante comorbilidad y poli-medicada. La mayor\u00eda de los cuidadores son mujeres casadas de mediana edad, con gran prevalencia de ansiedad\/depresi\u00f3n, y pueden estar infra-tratados.<\/td>\n<\/tr>\n<tr>\n<td width=\"136\">Corbal\u00e1n Carrillo MG, Hern\u00e1ndez Vian O, Carr\u00e9 Catases M, Galcer\u00e1n GP, Hern\u00e1ndez Vian B, Marzo Duque C. 2013<\/td>\n<td width=\"90\">Estudio descriptivo transversal. N=48<\/td>\n<td width=\"193\">El nivel de ansiedad es m\u00e1s bajo que en otros estudios, seg\u00fan el grado de sobrecarga, leve o intensa, se encuentra en un 9.1% y un 13% respectivamente, frente al 7,1% de ansiedad que tienen cuidadores que no presentan sobrecarga.<\/p>\n<p>Sin tener un nivel de prevalencia significativo (p=0,449)<\/td>\n<td width=\"213\">Se encuentran diferencias estad\u00edsticamente significativas entre la sobrecarga y el sexo del cuidador. Puede deberse a que la mujer asume tradicionalmente el rol de cuidadora. Este estudio ayudar\u00e1 a realizar intervenciones para prevenir la sobrecarga, priorizando a las cuidadoras femeninas de m\u00e1s edad.<\/td>\n<\/tr>\n<tr>\n<td width=\"136\">M\u00e9ndez L, Giraldo O, Aguirre Acevedo D, Lopera F. 2010<\/td>\n<td width=\"90\">An\u00e1lisis descriptivo. N= 14<\/td>\n<td width=\"193\">Con un nivel de significaci\u00f3n de p=0,045 se encontr\u00f3 una relaci\u00f3n moderada con el estr\u00e9s r=0,542.<\/p>\n<p>Tambi\u00e9n, con una p=0,07 se encontr\u00f3 relaci\u00f3n moderada con ansiedad, r=0,497<\/td>\n<td width=\"213\">Se encontraron 3 cuidadores con niveles elevados de Estr\u00e9s, uno con depresi\u00f3n leve y otro con sobrecarga intensa y depresi\u00f3n leve. Ninguno presento niveles elevados de ansiedad, pero s\u00ed una tendencia para la ansiedad rasgo en los hijos de los afectados, permitiendo pensar en una caracter\u00edstica individual en estas personas.<\/td>\n<\/tr>\n<tr>\n<td width=\"136\">L\u00f3pez Gil MJ, Orueta S\u00e1nchez R, G\u00f3mez-Caro S, S\u00e1nchez Oropesa A, Carmona de la Morena J, Alonso Moreno FJ. 2009<\/td>\n<td width=\"90\">Estudio observacional y anal\u00edtico de caso-control. N=156<\/td>\n<td width=\"193\">Con un nivel de significaci\u00f3n de p&lt;0,01, el 60,3% de cuidadores presentaban ansiedad frente al 33% de personas que presentan ansiedad en el grupo control.<\/td>\n<td width=\"213\">Los resultados indican la necesidad de actuaciones multidisciplinares encaminadas a apoyar a los cuidadores tanto de forma preventiva como de soporte. Con dichas intervenciones se han obtenido resultados positivos en diversos aspectos relativos tanto a la persona atendida como al cuidador, siendo necesario adaptar las intervenciones a las caracter\u00edsticas y necesidades espec\u00edficas de cada cuidador.<\/td>\n<\/tr>\n<tr>\n<td width=\"136\">Baldin Storti L, Teles Quintino D, Michelato Silva N, Kusumota L, Marqu\u00e9s S. 2016<\/td>\n<td width=\"90\">Estudio descriptivo transversal. N=96<\/td>\n<td width=\"193\">Cuanto mayor es la frecuencia y la gravedad de los s\u00edntomas neuro-psiqui\u00e1tricos presentados en los pacientes de Alzheimer, mayor es el desgaste del cuidador. Est\u00e1 fuertemente correlacionado (r=0.82) con un nivel de significaci\u00f3n p&lt;0.01<\/td>\n<td width=\"213\">La presencia de s\u00edntomas neuro-psiqui\u00e1tricos en los ancianos est\u00e1 relacionado con un mayor desgaste de los cuidadores.<\/td>\n<\/tr>\n<tr>\n<td width=\"136\">Romero Moreno R, Losada A, M\u00e1rquez Gonz\u00e1lez M, Mausbach BT. 2014<\/td>\n<td width=\"90\">Estudio transversal. N= 275<\/td>\n<td width=\"193\">Con una p&lt; 0.01 la frecuencia y la satisfacci\u00f3n del tiempo de ocio de los cuidadores est\u00e1 fuertemente relacionado con los niveles de ansiedad que presentan. (\u03b7p2 = .44)<\/td>\n<td width=\"213\">Es importante considerar el perfil de frecuencia y satisfacci\u00f3n del ocio a la hora de entender el malestar del cuidador<\/td>\n<\/tr>\n<tr>\n<td width=\"136\">Sallim AB, Sayampanathan AA, Cuttilan A, Chun-Man Ho R. 2015<\/td>\n<td width=\"90\">Meta-an\u00e1lisis. 17 estudios.<\/td>\n<td width=\"193\">La prevalencia agregada de la ansiedad es del 43,6%.<\/td>\n<td width=\"213\">Los cuidadores de pacientes con Alzheimer tienen una mayor prevalencia de trastornos de salud mental, particularmente depresi\u00f3n y ansiedad, en comparaci\u00f3n con la poblaci\u00f3n general y con otros cuidadores que atienden a pacientes con otras enfermedades. Aunque la prevalencia de la ansiedad fue notablemente alta, es necesario realizar m\u00e1s investigaciones en \u00e9ste \u00e1rea.<\/td>\n<\/tr>\n<\/tbody>\n<\/table>\n<p style=\"text-align: justify;\"><strong>BIBLIOGRAF\u00cdA<\/strong><\/p>\n<ol>\n<li style=\"text-align: justify;\">Roy Mill\u00e1n P, Garz\u00f3n Ruiz B. Tratamiento de los trastornos afectivos y conductuales en el envejecimiento. En: O.Bruna, T.Roig, M.Puyuelo, C.Junqu\u00e9, A.Ruano. Rehabilitaci\u00f3n neuropsicol\u00f3gica. Intervenci\u00f3n y pr\u00e1ctica cl\u00ednica. Barcelona: Elsevier Masson; 2011. p. 347-63.<\/li>\n<li style=\"text-align: justify;\">Instituto Nacional de Estad\u00edstica. Proyecci\u00f3n de la poblaci\u00f3n de Espa\u00f1a 2014-2064. 2014.<\/li>\n<li style=\"text-align: justify;\">Centro Andaluz de Informaci\u00f3n de Medicamentos (CADIME). Enfermedad de Alzheimer: Tratamiento farmacol\u00f3gico. Bolet\u00edn Terap\u00e9utico Andaluz [Internet] 2014 [fecha de acceso 3 agosto 2020]; 29(1). Disponible en: cadime.es\/docs\/bta\/CADIME_BTA2014-29_01.pdf<\/li>\n<li style=\"text-align: justify;\">Pe\u00f1a Casanova J. Enfermedad de Alzheimer. Del diagn\u00f3stico a la terapia: conceptos y hechos. Barcelona: Fundaci\u00f3n la Caixa; 1999.<\/li>\n<li style=\"text-align: justify;\">Pe\u00f1a-Casanova J. Las Alteraciones Psicol\u00f3gicas y del Comportamiento en la Enfermedad de Alzheimer. Barcelona: Fundaci\u00f3n la Caixa; 1999.<\/li>\n<li style=\"text-align: justify;\">Instituto Nacional Sobre el Envejecimiento. La Enfermedad de Alzheimer. [Internet] 2010. [fecha de acceso 3 agosto 2020]. Disponible en: nia.nih.gov\/sites\/default\/files\/LaEnfermedaddeAlzheimer.pdf<\/li>\n<li style=\"text-align: justify;\">P\u00e9rez Perdomo M, Llibre Rodr\u00edguez JJ. Caracter\u00edsticas sociodemogr\u00e1ficas y nivel de sobrecarga de cuidadores de ancianos con Enfermedad de Alzheimer. Revista Cubana Enfermer\u00eda\u00a0[Internet]. 2010 [fecha de acceso 3 agosto 2020];\u00a026(3): 110-122. Disponible en: http:\/\/scielo.sld.cu\/scielo.php?script=sci_abstract&amp;pid=S0864-03192010000300003<\/li>\n<li style=\"text-align: justify;\">Badia Llach X, Lara Suri\u00f1ach N, Roset Gamisans M. Calidad de vida, tiempo de dedicaci\u00f3n y carga percibida por el cuidador principal informal del enfermo de Alzheimer. Elsevier [Internet] 2004 [fecha de acceso 3 agosto 2020]; 34 (4): 170-7. Disponible en: https:\/\/www.ncbi.nlm.nih.gov\/pubmed\/?term=QUALITY+OF+LIFE%2C+TIME+COMMITMENT+AND+BURDEN+PERCEIVED+BY+THE+PRINCIPAL+INFORMAL+CAREGIVER+OF+ALZHEIMER%E2%80%99S+PATIENTS<\/li>\n<li style=\"text-align: justify;\">Algado MT, Basterra A, Garrig\u00f3s JI. Familia y enfermedad de alzheimer. Una perspectiva cualitativa. Anales de Psicolog\u00eda [Internet]. 1997 [fecha de acceso 3 agosto 2020]; 13(1): 19-29. Disponible en: https:\/\/dialnet.unirioja.es\/servlet\/articulo?codigo=205286<\/li>\n<li style=\"text-align: justify;\">M\u00e9ndez L, Giraldo O, Aguirre Acevedo D, Lopera F. Relaci\u00f3n entre ansiedad, depresi\u00f3n, estr\u00e9s y sobrecarga en cuidadores familiares de personas con demencia tipo alzheimer por mutaci\u00f3n e280a en presenilina 1. Revista Chilena de Neuropsicolog\u00eda [Internet]. 2010 [fecha de acceso 3 agosto 2020]; 5(2): 137-145. Disponible en: https:\/\/dialnet.unirioja.es\/servlet\/articulo?codigo=5751472<\/li>\n<li style=\"text-align: justify;\">Peinado Portero AI, Garc\u00e9s de Los Fayos Ruiz EA. Burnout en cuidadores principales de pacientes con Alzhemer: el s\u00edndrome del asistente desasistido. Anales de psicolog\u00eda [Internet]. 1998 [Fecha de acceso 3 agosto 2020]; 14(1): 83-93. Disponible en: https:\/\/dialnet.unirioja.es\/servlet\/articulo?codigo=205948<\/li>\n<li style=\"text-align: justify;\">Menezes de Lucena Carvalho VA, Fernandez Calvo B, Hernandez Mart\u00edn L, Ramos Campos F, Contador Castillo I. Resilencia y el modelo Burnout-Engagement en cuidadores formales de ancianos. Psicotherma. 2006; 18(4): 791-796.<\/li>\n<li style=\"text-align: justify;\">Roig MV, Abeng\u00f3zar MC, Serra E. La sobrecarga en los cuidadores principales de enfermos de Alzheimer. Anales de psicolog\u00eda [Internet]. 1998 [Fecha de acceso 3 agosto 2020]; 14(2): 215-227. Disponible en: https:\/\/dialnet.unirioja.es\/servlet\/articulo?codigo=205211<\/li>\n<li style=\"text-align: justify;\">V\u00e9rez Cotelo N, Andr\u00e9s Rodr\u00edguez N. Floro, Fornos P\u00e9rez JA., Andr\u00e9s Iglesias JC, R\u00edos Lago M.\u00a0Carga y patolog\u00edas asociadas en familiares cuidadores de pacientes con enfermedad de Alzheimer en Espa\u00f1a.\u00a0Pr\u00e1ctica de farmacia [Internet].\u00a02015 [fecha de acceso 3 agosto 2020];\u00a013(2).\u00a0Disponible en: http:\/\/scielo.isciii.es\/scielo.php?script=sci_abstract&amp;pid=S1885-642X2015000200002&amp;lng=en&amp;tlng=en<\/li>\n<li style=\"text-align: justify;\">Segura Dominguez N, G\u00f3mez Caballo R, L\u00f3pez Quintana R, Gil Paredes E, S\u00e1iz Cantero C, Cordero Guevara JA. El anciano dependiente y el desgaste f\u00edsico y ps\u00edquico de su cuidador. Revista espa\u00f1ola de geriatr\u00eda y gerontolog\u00eda [Internet]. 2006 [fecha de acceso 3 agosto 2020];41(1):15-20- Disponible en: https:\/\/dialnet.unirioja.es\/servlet\/articulo?codigo=2189125<\/li>\n<li style=\"text-align: justify;\">Corbal\u00e1n Carrillo MG, Hern\u00e1ndez Vian O, Carr\u00e9 Catases M, Paul Galcer\u00e1n G, Hern\u00e1ndez Vian B, Marzo Duque C. Sobrecarga, ansiedad y depresi\u00f3n en cuidadores de pacientes incluidos en el programa de atenci\u00f3n domiciliaria. Gerokomos\u00a0[Internet]. 2013\u00a0[Fecha de acceso 3 agosto 2020];\u00a024(3): 120-123. Disponible en: http:\/\/scielo.isciii.es\/scielo.php?script=sci_arttext&amp;pid=S1134-928X2013000300005&amp;lng=es.<\/li>\n<li style=\"text-align: justify;\">L\u00f3pez Gil MJ, Orueta S\u00e1nchez R, G\u00f3mez Caro S, S\u00e1nchez Oropesa A, Carmona de la Morena J, Alonso Moreno FJ. El rol de Cuidador de personas dependientes y sus repercusiones sobre su Calidad de Vida y su Salud. Rev Clin Med Fam\u00a0[Internet]. 2009\u00a0[Fecha de acceso 3 agosto 2020];\u00a02(7): 332-339. Disponible en: http:\/\/scielo.isciii.es\/scielo.php?script=sci_arttext&amp;pid=S1699-695X2009000200004&amp;lng=es.<\/li>\n<li style=\"text-align: justify;\">Baldin Storti L, Teles Quintino D, Michelat\u00f3 Silva N, Kusumota L, Marqu\u00e9s S. S\u00edntomas neuropsiqui\u00e1tricos de adutos mayores con enfermedad de Alzheimer y el desgaste de los cuidadores familiares. Rev.Latino-Am Enfermagem [Internet]. 2016 [Fecha de acceso 3 agosto 2020]; 24. Disponible en: https:\/\/www.ncbi.nlm.nih.gov\/pubmed\/27533264<\/li>\n<li style=\"text-align: justify;\">Romero Moreno R, Losada A, M\u00e1rquez Gonz\u00e1lez M, Mausbach Brent T. Effects of the frequency and satisfaction with leisure profile on dementia caregivers distress. Anal. Psicol.\u00a0 [Internet]. 2014\u00a0[fecha de acceso 3 agosto 2020];\u00a030(3): 878-886. Disponible en: http:\/\/scielo.isciii.es\/scielo.php?script=sci_abstract&amp;pid=S0212-97282014000300011&amp;lng=es&amp;tlng=en.<\/li>\n<li style=\"text-align: justify;\">Sallim AB, Sayampanathan AA, Cuttilan A, Chun-Man Ho R. Prevalence of Mental Health Disorders Among Caregivers of Patients With Alzheimer Disease. J Am Med Dir Assoc. [Internet] 2015 [fecha de acceso 3 agosto 2020]; 16(12): 1034-41. Disponible en: https:\/\/www.ncbi.nlm.nih.gov\/pubmed\/26593303<\/li>\n<\/ol>\n","protected":false},"excerpt":{"rendered":"<p>Estr\u00e9s en cuidadores de ancianos con enfermedad de Alzheimer Autora principal: Pilar Pardos Val Vol. XVI; n\u00ba 2; 78<\/p>\n","protected":false},"author":2,"featured_media":0,"comment_status":"open","ping_status":"closed","sticky":false,"template":"","format":"standard","meta":{"_acf_changed":false,"footnotes":""},"categories":[83,101,164],"tags":[325,324,12172,650,308,326],"class_list":["post-60629","post","type-post","status-publish","format-standard","hentry","category-enfermeria","category-geriatria-gerontologia","category-neurologia","tag-alzheimer","tag-cuidador","tag-enfermedad-alzheimer","tag-enfermeria-2","tag-estres","tag-sobrecarga","no-featured-image-padding"],"acf":[],"yoast_head":"<!-- This site is optimized with the Yoast SEO plugin v28.2 - https:\/\/yoast.com\/product\/yoast-seo-wordpress\/ -->\n<title>Estr\u00e9s en cuidadores de ancianos con enfermedad de Alzheimer<\/title>\n<meta name=\"description\" content=\"Estr\u00e9s en cuidadores de ancianos con enfermedad de Alzheimer Autora principal: Pilar Pardos Val Vol. XVI; n\u00ba 2; 78 Stress in Caregivers of the Elderly\" \/>\n<meta name=\"robots\" content=\"index, follow, max-snippet:-1, max-image-preview:large, max-video-preview:-1\" \/>\n<link rel=\"canonical\" href=\"https:\/\/www.revista-portalesmedicos.com\/revista-medica\/estres-en-cuidadores-de-ancianos-con-enfermedad-de-alzheimer\/\" \/>\n<meta name=\"twitter:label1\" content=\"Escrito por\" \/>\n\t<meta name=\"twitter:data1\" content=\"Redacci\u00f3n Revista\" \/>\n\t<meta name=\"twitter:label2\" content=\"Tiempo de lectura\" \/>\n\t<meta name=\"twitter:data2\" content=\"23 minutos\" \/>\n<script type=\"application\/ld+json\" class=\"yoast-schema-graph\">{\"@context\":\"https:\\\/\\\/schema.org\",\"@graph\":[{\"@type\":\"ScholarlyArticle\",\"@id\":\"https:\\\/\\\/www.revista-portalesmedicos.com\\\/revista-medica\\\/estres-en-cuidadores-de-ancianos-con-enfermedad-de-alzheimer\\\/#article\",\"isPartOf\":{\"@id\":\"https:\\\/\\\/www.revista-portalesmedicos.com\\\/revista-medica\\\/estres-en-cuidadores-de-ancianos-con-enfermedad-de-alzheimer\\\/\"},\"author\":{\"name\":\"Redacci\u00f3n Revista\",\"@id\":\"https:\\\/\\\/www.revista-portalesmedicos.com\\\/revista-medica\\\/#\\\/schema\\\/person\\\/aff35293bfdd1e8bb11bc1d216ac2c6e\"},\"headline\":\"Estr\u00e9s en cuidadores de ancianos con enfermedad de Alzheimer\",\"datePublished\":\"2021-01-25T08:42:40+00:00\",\"dateModified\":\"2021-03-10T10:36:57+00:00\",\"mainEntityOfPage\":{\"@id\":\"https:\\\/\\\/www.revista-portalesmedicos.com\\\/revista-medica\\\/estres-en-cuidadores-de-ancianos-con-enfermedad-de-alzheimer\\\/\"},\"wordCount\":4568,\"commentCount\":0,\"publisher\":{\"@id\":\"https:\\\/\\\/www.revista-portalesmedicos.com\\\/revista-medica\\\/#organization\"},\"keywords\":[\"Alzheimer\",\"cuidador\",\"Enfermedad Alzheimer\",\"enfermer\u00eda\",\"estr\u00e9s\",\"sobrecarga\"],\"articleSection\":[\"Enfermer\u00eda\",\"Geriatr\u00eda y Gerontolog\u00eda\",\"Neurolog\u00eda\"],\"inLanguage\":\"es\"},{\"@type\":[\"WebPage\",\"ItemPage\"],\"@id\":\"https:\\\/\\\/www.revista-portalesmedicos.com\\\/revista-medica\\\/estres-en-cuidadores-de-ancianos-con-enfermedad-de-alzheimer\\\/\",\"url\":\"https:\\\/\\\/www.revista-portalesmedicos.com\\\/revista-medica\\\/estres-en-cuidadores-de-ancianos-con-enfermedad-de-alzheimer\\\/\",\"name\":\"Estr\u00e9s en cuidadores de ancianos con enfermedad de Alzheimer\",\"isPartOf\":{\"@id\":\"https:\\\/\\\/www.revista-portalesmedicos.com\\\/revista-medica\\\/#website\"},\"datePublished\":\"2021-01-25T08:42:40+00:00\",\"dateModified\":\"2021-03-10T10:36:57+00:00\",\"description\":\"Estr\u00e9s en cuidadores de ancianos con enfermedad de Alzheimer Autora principal: Pilar Pardos Val Vol. XVI; n\u00ba 2; 78 Stress in Caregivers of the Elderly\",\"breadcrumb\":{\"@id\":\"https:\\\/\\\/www.revista-portalesmedicos.com\\\/revista-medica\\\/estres-en-cuidadores-de-ancianos-con-enfermedad-de-alzheimer\\\/#breadcrumb\"},\"inLanguage\":\"es\",\"potentialAction\":[{\"@type\":\"ReadAction\",\"target\":[\"https:\\\/\\\/www.revista-portalesmedicos.com\\\/revista-medica\\\/estres-en-cuidadores-de-ancianos-con-enfermedad-de-alzheimer\\\/\"]}]},{\"@type\":\"BreadcrumbList\",\"@id\":\"https:\\\/\\\/www.revista-portalesmedicos.com\\\/revista-medica\\\/estres-en-cuidadores-de-ancianos-con-enfermedad-de-alzheimer\\\/#breadcrumb\",\"itemListElement\":[{\"@type\":\"ListItem\",\"position\":1,\"name\":\"Inicio\",\"item\":\"https:\\\/\\\/www.revista-portalesmedicos.com\\\/revista-medica\\\/\"},{\"@type\":\"ListItem\",\"position\":2,\"name\":\"Enfermer\u00eda\",\"item\":\"https:\\\/\\\/www.revista-portalesmedicos.com\\\/revista-medica\\\/publicaciones\\\/enfermeria\\\/\"},{\"@type\":\"ListItem\",\"position\":3,\"name\":\"Estr\u00e9s en cuidadores de ancianos con enfermedad de Alzheimer\"}]},{\"@type\":\"WebSite\",\"@id\":\"https:\\\/\\\/www.revista-portalesmedicos.com\\\/revista-medica\\\/#website\",\"url\":\"https:\\\/\\\/www.revista-portalesmedicos.com\\\/revista-medica\\\/\",\"name\":\"Revista Electr\u00f3nica de PortalesMedicos.com\",\"description\":\"ISSN 1886-8924 - Publicaci\u00f3n de art\u00edculos, casos cl\u00ednicos, etc. de Medicina, Enfermer\u00eda y Ciencias de la Salud\",\"publisher\":{\"@id\":\"https:\\\/\\\/www.revista-portalesmedicos.com\\\/revista-medica\\\/#organization\"},\"alternateName\":\"Revista de PortalesMedicos\",\"potentialAction\":[{\"@type\":\"SearchAction\",\"target\":{\"@type\":\"EntryPoint\",\"urlTemplate\":\"https:\\\/\\\/www.revista-portalesmedicos.com\\\/revista-medica\\\/?s={search_term_string}\"},\"query-input\":{\"@type\":\"PropertyValueSpecification\",\"valueRequired\":true,\"valueName\":\"search_term_string\"}}],\"inLanguage\":\"es\"},{\"@type\":\"Organization\",\"@id\":\"https:\\\/\\\/www.revista-portalesmedicos.com\\\/revista-medica\\\/#organization\",\"name\":\"Revista Electr\u00f3nica de Portales Medicos.com\",\"alternateName\":\"Revista de PortalesMedicos\",\"url\":\"https:\\\/\\\/www.revista-portalesmedicos.com\\\/revista-medica\\\/\",\"logo\":{\"@type\":\"ImageObject\",\"inLanguage\":\"es\",\"@id\":\"https:\\\/\\\/www.revista-portalesmedicos.com\\\/revista-medica\\\/#\\\/schema\\\/logo\\\/image\\\/\",\"url\":\"https:\\\/\\\/www.revista-portalesmedicos.com\\\/revista-medica\\\/wp-content\\\/uploads\\\/logorevista_negro.jpg\",\"contentUrl\":\"https:\\\/\\\/www.revista-portalesmedicos.com\\\/revista-medica\\\/wp-content\\\/uploads\\\/logorevista_negro.jpg\",\"width\":199,\"height\":65,\"caption\":\"Revista Electr\u00f3nica de Portales Medicos.com\"},\"image\":{\"@id\":\"https:\\\/\\\/www.revista-portalesmedicos.com\\\/revista-medica\\\/#\\\/schema\\\/logo\\\/image\\\/\"}},{\"@type\":\"Person\",\"@id\":\"https:\\\/\\\/www.revista-portalesmedicos.com\\\/revista-medica\\\/#\\\/schema\\\/person\\\/aff35293bfdd1e8bb11bc1d216ac2c6e\",\"name\":\"Redacci\u00f3n Revista\",\"sameAs\":[\"https:\\\/\\\/x.com\\\/portalesmedicos\"],\"url\":\"https:\\\/\\\/www.revista-portalesmedicos.com\\\/revista-medica\\\/author\\\/pmedadmin\\\/\"}]}<\/script>\n<!-- \/ Yoast SEO plugin. -->","yoast_head_json":{"title":"Estr\u00e9s en cuidadores de ancianos con enfermedad de Alzheimer","description":"Estr\u00e9s en cuidadores de ancianos con enfermedad de Alzheimer Autora principal: Pilar Pardos Val Vol. XVI; n\u00ba 2; 78 Stress in Caregivers of the Elderly","robots":{"index":"index","follow":"follow","max-snippet":"max-snippet:-1","max-image-preview":"max-image-preview:large","max-video-preview":"max-video-preview:-1"},"canonical":"https:\/\/www.revista-portalesmedicos.com\/revista-medica\/estres-en-cuidadores-de-ancianos-con-enfermedad-de-alzheimer\/","twitter_misc":{"Escrito por":"Redacci\u00f3n Revista","Tiempo de lectura":"23 minutos"},"schema":{"@context":"https:\/\/schema.org","@graph":[{"@type":"ScholarlyArticle","@id":"https:\/\/www.revista-portalesmedicos.com\/revista-medica\/estres-en-cuidadores-de-ancianos-con-enfermedad-de-alzheimer\/#article","isPartOf":{"@id":"https:\/\/www.revista-portalesmedicos.com\/revista-medica\/estres-en-cuidadores-de-ancianos-con-enfermedad-de-alzheimer\/"},"author":{"name":"Redacci\u00f3n Revista","@id":"https:\/\/www.revista-portalesmedicos.com\/revista-medica\/#\/schema\/person\/aff35293bfdd1e8bb11bc1d216ac2c6e"},"headline":"Estr\u00e9s en cuidadores de ancianos con enfermedad de Alzheimer","datePublished":"2021-01-25T08:42:40+00:00","dateModified":"2021-03-10T10:36:57+00:00","mainEntityOfPage":{"@id":"https:\/\/www.revista-portalesmedicos.com\/revista-medica\/estres-en-cuidadores-de-ancianos-con-enfermedad-de-alzheimer\/"},"wordCount":4568,"commentCount":0,"publisher":{"@id":"https:\/\/www.revista-portalesmedicos.com\/revista-medica\/#organization"},"keywords":["Alzheimer","cuidador","Enfermedad Alzheimer","enfermer\u00eda","estr\u00e9s","sobrecarga"],"articleSection":["Enfermer\u00eda","Geriatr\u00eda y Gerontolog\u00eda","Neurolog\u00eda"],"inLanguage":"es"},{"@type":["WebPage","ItemPage"],"@id":"https:\/\/www.revista-portalesmedicos.com\/revista-medica\/estres-en-cuidadores-de-ancianos-con-enfermedad-de-alzheimer\/","url":"https:\/\/www.revista-portalesmedicos.com\/revista-medica\/estres-en-cuidadores-de-ancianos-con-enfermedad-de-alzheimer\/","name":"Estr\u00e9s en cuidadores de ancianos con enfermedad de Alzheimer","isPartOf":{"@id":"https:\/\/www.revista-portalesmedicos.com\/revista-medica\/#website"},"datePublished":"2021-01-25T08:42:40+00:00","dateModified":"2021-03-10T10:36:57+00:00","description":"Estr\u00e9s en cuidadores de ancianos con enfermedad de Alzheimer Autora principal: Pilar Pardos Val Vol. XVI; n\u00ba 2; 78 Stress in Caregivers of the Elderly","breadcrumb":{"@id":"https:\/\/www.revista-portalesmedicos.com\/revista-medica\/estres-en-cuidadores-de-ancianos-con-enfermedad-de-alzheimer\/#breadcrumb"},"inLanguage":"es","potentialAction":[{"@type":"ReadAction","target":["https:\/\/www.revista-portalesmedicos.com\/revista-medica\/estres-en-cuidadores-de-ancianos-con-enfermedad-de-alzheimer\/"]}]},{"@type":"BreadcrumbList","@id":"https:\/\/www.revista-portalesmedicos.com\/revista-medica\/estres-en-cuidadores-de-ancianos-con-enfermedad-de-alzheimer\/#breadcrumb","itemListElement":[{"@type":"ListItem","position":1,"name":"Inicio","item":"https:\/\/www.revista-portalesmedicos.com\/revista-medica\/"},{"@type":"ListItem","position":2,"name":"Enfermer\u00eda","item":"https:\/\/www.revista-portalesmedicos.com\/revista-medica\/publicaciones\/enfermeria\/"},{"@type":"ListItem","position":3,"name":"Estr\u00e9s en cuidadores de ancianos con enfermedad de Alzheimer"}]},{"@type":"WebSite","@id":"https:\/\/www.revista-portalesmedicos.com\/revista-medica\/#website","url":"https:\/\/www.revista-portalesmedicos.com\/revista-medica\/","name":"Revista Electr\u00f3nica de PortalesMedicos.com","description":"ISSN 1886-8924 - Publicaci\u00f3n de art\u00edculos, casos cl\u00ednicos, etc. de Medicina, Enfermer\u00eda y Ciencias de la Salud","publisher":{"@id":"https:\/\/www.revista-portalesmedicos.com\/revista-medica\/#organization"},"alternateName":"Revista de PortalesMedicos","potentialAction":[{"@type":"SearchAction","target":{"@type":"EntryPoint","urlTemplate":"https:\/\/www.revista-portalesmedicos.com\/revista-medica\/?s={search_term_string}"},"query-input":{"@type":"PropertyValueSpecification","valueRequired":true,"valueName":"search_term_string"}}],"inLanguage":"es"},{"@type":"Organization","@id":"https:\/\/www.revista-portalesmedicos.com\/revista-medica\/#organization","name":"Revista Electr\u00f3nica de Portales Medicos.com","alternateName":"Revista de PortalesMedicos","url":"https:\/\/www.revista-portalesmedicos.com\/revista-medica\/","logo":{"@type":"ImageObject","inLanguage":"es","@id":"https:\/\/www.revista-portalesmedicos.com\/revista-medica\/#\/schema\/logo\/image\/","url":"https:\/\/www.revista-portalesmedicos.com\/revista-medica\/wp-content\/uploads\/logorevista_negro.jpg","contentUrl":"https:\/\/www.revista-portalesmedicos.com\/revista-medica\/wp-content\/uploads\/logorevista_negro.jpg","width":199,"height":65,"caption":"Revista Electr\u00f3nica de Portales Medicos.com"},"image":{"@id":"https:\/\/www.revista-portalesmedicos.com\/revista-medica\/#\/schema\/logo\/image\/"}},{"@type":"Person","@id":"https:\/\/www.revista-portalesmedicos.com\/revista-medica\/#\/schema\/person\/aff35293bfdd1e8bb11bc1d216ac2c6e","name":"Redacci\u00f3n Revista","sameAs":["https:\/\/x.com\/portalesmedicos"],"url":"https:\/\/www.revista-portalesmedicos.com\/revista-medica\/author\/pmedadmin\/"}]}},"views":3219,"_links":{"self":[{"href":"https:\/\/www.revista-portalesmedicos.com\/revista-medica\/wp-json\/wp\/v2\/posts\/60629","targetHints":{"allow":["GET"]}}],"collection":[{"href":"https:\/\/www.revista-portalesmedicos.com\/revista-medica\/wp-json\/wp\/v2\/posts"}],"about":[{"href":"https:\/\/www.revista-portalesmedicos.com\/revista-medica\/wp-json\/wp\/v2\/types\/post"}],"author":[{"embeddable":true,"href":"https:\/\/www.revista-portalesmedicos.com\/revista-medica\/wp-json\/wp\/v2\/users\/2"}],"replies":[{"embeddable":true,"href":"https:\/\/www.revista-portalesmedicos.com\/revista-medica\/wp-json\/wp\/v2\/comments?post=60629"}],"version-history":[{"count":0,"href":"https:\/\/www.revista-portalesmedicos.com\/revista-medica\/wp-json\/wp\/v2\/posts\/60629\/revisions"}],"wp:attachment":[{"href":"https:\/\/www.revista-portalesmedicos.com\/revista-medica\/wp-json\/wp\/v2\/media?parent=60629"}],"wp:term":[{"taxonomy":"category","embeddable":true,"href":"https:\/\/www.revista-portalesmedicos.com\/revista-medica\/wp-json\/wp\/v2\/categories?post=60629"},{"taxonomy":"post_tag","embeddable":true,"href":"https:\/\/www.revista-portalesmedicos.com\/revista-medica\/wp-json\/wp\/v2\/tags?post=60629"}],"curies":[{"name":"wp","href":"https:\/\/api.w.org\/{rel}","templated":true}]}}